{"id":233561,"date":"2023-11-10T20:20:23","date_gmt":"2023-11-10T20:20:23","guid":{"rendered":"https:\/\/ami.mr\/fr\/?p=233561"},"modified":"2023-11-10T20:20:23","modified_gmt":"2023-11-10T20:20:23","slug":"signature-dun-accord-dencouragement-et-de-protection-des-investissements","status":"publish","type":"post","link":"https:\/\/ami.mr\/fr\/archives\/233561","title":{"rendered":"Signature d\u2019un accord d\u2019encouragement et de protection des investissements"},"content":{"rendered":"<p>Le ministre des Finances, M. Isselmou Ould Ahmed M\u2019Bady, a sign\u00e9, vendredi, \u00e0 Riyad avec le ministre saoudien de l\u2019investissement, M. Khaled AL-FALEH, un accord destin\u00e9 \u00e0 la promotion et \u00e0 la protection mutuelle des investissements.<\/p>\n<p>L\u2019accord a pour objectif d\u2019encourager et de prot\u00e9ger les investissements, et \u00e0 renforcer les relations \u00e9conomiques entre les deux pays fr\u00e8res.<\/p>\n<p>Il pr\u00e9voit la mise en place des conditions favorables pour cr\u00e9er de plus grandes opportunit\u00e9s d\u2019\u00e9change et de plus d\u2019investissements afin de motiver les investisseurs \u00e0 prendre un plus grand nombre d\u2019initiatives d\u2019investissement pour contribuer \u00e0 la r\u00e9alisation de la prosp\u00e9rit\u00e9 et de la prosp\u00e9rit\u00e9 dans les deux pays.<\/p>\n","protected":false},"excerpt":{"rendered":"<p>Le ministre des Finances, M. Isselmou Ould Ahmed M\u2019Bady, a sign\u00e9, vendredi, \u00e0 Riyad avec le ministre saoudien de l\u2019investissement, M. Khaled AL-FALEH, un accord destin\u00e9 \u00e0 la promotion et \u00e0 la protection mutuelle des investissements. L\u2019accord a pour objectif d\u2019encourager et de prot\u00e9ger les investissements, et \u00e0 renforcer les relations \u00e9conomiques entre les deux [&hellip;]<\/p>\n","protected":false},"author":13,"featured_media":233562,"comment_status":"open","ping_status":"open","sticky":false,"template":"","format":"standard","meta":{"footnotes":""},"categories":[63920,63919,63957,63959,63927],"tags":[],"class_list":["post-233561","post","type-post","status-publish","format-standard","has-post-thumbnail","hentry","category-a-la-une","category-choix-du-redacteur","category-fil-dactualite","category-mauritanie","category-slider-mauritanie"],"_links":{"self":[{"href":"https:\/\/ami.mr\/fr\/wp-json\/wp\/v2\/posts\/233561","targetHints":{"allow":["GET"]}}],"collection":[{"href":"https:\/\/ami.mr\/fr\/wp-json\/wp\/v2\/posts"}],"about":[{"href":"https:\/\/ami.mr\/fr\/wp-json\/wp\/v2\/types\/post"}],"author":[{"embeddable":true,"href":"https:\/\/ami.mr\/fr\/wp-json\/wp\/v2\/users\/13"}],"replies":[{"embeddable":true,"href":"https:\/\/ami.mr\/fr\/wp-json\/wp\/v2\/comments?post=233561"}],"version-history":[{"count":1,"href":"https:\/\/ami.mr\/fr\/wp-json\/wp\/v2\/posts\/233561\/revisions"}],"predecessor-version":[{"id":233564,"href":"https:\/\/ami.mr\/fr\/wp-json\/wp\/v2\/posts\/233561\/revisions\/233564"}],"wp:featuredmedia":[{"embeddable":true,"href":"https:\/\/ami.mr\/fr\/wp-json\/wp\/v2\/media\/233562"}],"wp:attachment":[{"href":"https:\/\/ami.mr\/fr\/wp-json\/wp\/v2\/media?parent=233561"}],"wp:term":[{"taxonomy":"category","embeddable":true,"href":"https:\/\/ami.mr\/fr\/wp-json\/wp\/v2\/categories?post=233561"},{"taxonomy":"post_tag","embeddable":true,"href":"https:\/\/ami.mr\/fr\/wp-json\/wp\/v2\/tags?post=233561"}],"curies":[{"name":"wp","href":"https:\/\/api.w.org\/{rel}","templated":true}]}}