{"id":233479,"date":"2023-11-09T20:49:16","date_gmt":"2023-11-09T20:49:16","guid":{"rendered":"https:\/\/ami.mr\/fr\/?p=233479"},"modified":"2023-11-09T20:49:16","modified_gmt":"2023-11-09T20:49:16","slug":"le-wali-de-tagant-assiste-aux-activites-de-levee-des-couleurs-nationales-a-lecole-zira-de-tidjikja","status":"publish","type":"post","link":"https:\/\/ami.mr\/fr\/archives\/233479","title":{"rendered":"Le wali de Tagant assiste aux activit\u00e9s de lev\u00e9e des couleurs nationales \u00e0 l\u2019\u00e9cole Zira de Tidjikja"},"content":{"rendered":"<p>Le wali de Tagant, M. Tayeb Ould Mohamed Mahmoud, a pr\u00e9sid\u00e9 jeudi les activit\u00e9s de lev\u00e9e des couleurs nationales \u00e0 l\u2019\u00e9cole Zira de la ville de Tijikja, dans le cadre du suivi permanent effectu\u00e9 par le wali depuis l\u2019ouverture de l\u2019ann\u00e9e scolaire.<\/p>\n<p>Le wali a fait le tour des services de l\u2019\u00e9cole, ce qui lui a permis de constater l\u2019avancement des cours, le niveau d\u2019assiduit\u00e9 des \u00e9l\u00e8ves et de relever les lacunes constat\u00e9es.<\/p>\n<p>Dans une d\u00e9claration faite \u00e0 cette occasion, le wali a soulign\u00e9 que les visites qu\u2019il entreprend de temps \u00e0 autre dans les \u00e9tablissements d\u2019enseignement s\u2019inscrivent dans le cadre de la mise en \u0153uvre des instructions de Son Excellence le Pr\u00e9sident de la R\u00e9publique visant \u00e0 \u0153uvrer \u00e0 l\u2019am\u00e9lioration du niveau de l\u2019action \u00e9ducative dans tous nos \u00e9tablissements d\u2019enseignement.<\/p>\n<p>Il a ajout\u00e9 que l\u2019accompagnement de cette op\u00e9ration doit se faire de fa\u00e7on permanente et n\u00e9cessite la conjugaison des efforts de tous afin de faire de l\u2019\u00c9cole r\u00e9publicaine une r\u00e9ussite, appelant le personnel \u00e9ducatif \u00e0 jouer son r\u00f4le pivot dans l\u2019\u0153uvre \u00e9ducative, soulignant que les autorit\u00e9s locales et les \u00e9lus sont pleinement pr\u00e9par\u00e9s \u00e0 soutenir mat\u00e9riellement et moralement cette orientation car il s\u2019agit d\u2019un pilier essentiel dans la r\u00e9ussite de cette orientation.<\/p>\n<p>Le wali est accompagn\u00e9 au cours de cette visite par le conseiller charg\u00e9 des affaires administratives et juridiques, M. Amar Ould Tayeb ; le directeur r\u00e9gional de l\u2019\u00c9ducation nationale et de la r\u00e9forme du syst\u00e8me \u00e9ducatif au niveau du Tagant, M. Sidi Ould Khalifa, les chefs de services r\u00e9gionaux et l\u2019adjointe au maire, Mme Aichetou Mint Mellil.<\/p>\n","protected":false},"excerpt":{"rendered":"<p>Le wali de Tagant, M. Tayeb Ould Mohamed Mahmoud, a pr\u00e9sid\u00e9 jeudi les activit\u00e9s de lev\u00e9e des couleurs nationales \u00e0 l\u2019\u00e9cole Zira de la ville de Tijikja, dans le cadre du suivi permanent effectu\u00e9 par le wali depuis l\u2019ouverture de l\u2019ann\u00e9e scolaire. Le wali a fait le tour des services de l\u2019\u00e9cole, ce qui lui [&hellip;]<\/p>\n","protected":false},"author":13,"featured_media":233480,"comment_status":"open","ping_status":"open","sticky":false,"template":"","format":"standard","meta":{"footnotes":""},"categories":[63918,63919,63957,63923,8672],"tags":[],"class_list":["post-233479","post","type-post","status-publish","format-standard","has-post-thumbnail","hentry","category-autres","category-choix-du-redacteur","category-fil-dactualite","category-slider-wilayas","category-8672"],"_links":{"self":[{"href":"https:\/\/ami.mr\/fr\/wp-json\/wp\/v2\/posts\/233479","targetHints":{"allow":["GET"]}}],"collection":[{"href":"https:\/\/ami.mr\/fr\/wp-json\/wp\/v2\/posts"}],"about":[{"href":"https:\/\/ami.mr\/fr\/wp-json\/wp\/v2\/types\/post"}],"author":[{"embeddable":true,"href":"https:\/\/ami.mr\/fr\/wp-json\/wp\/v2\/users\/13"}],"replies":[{"embeddable":true,"href":"https:\/\/ami.mr\/fr\/wp-json\/wp\/v2\/comments?post=233479"}],"version-history":[{"count":1,"href":"https:\/\/ami.mr\/fr\/wp-json\/wp\/v2\/posts\/233479\/revisions"}],"predecessor-version":[{"id":233481,"href":"https:\/\/ami.mr\/fr\/wp-json\/wp\/v2\/posts\/233479\/revisions\/233481"}],"wp:featuredmedia":[{"embeddable":true,"href":"https:\/\/ami.mr\/fr\/wp-json\/wp\/v2\/media\/233480"}],"wp:attachment":[{"href":"https:\/\/ami.mr\/fr\/wp-json\/wp\/v2\/media?parent=233479"}],"wp:term":[{"taxonomy":"category","embeddable":true,"href":"https:\/\/ami.mr\/fr\/wp-json\/wp\/v2\/categories?post=233479"},{"taxonomy":"post_tag","embeddable":true,"href":"https:\/\/ami.mr\/fr\/wp-json\/wp\/v2\/tags?post=233479"}],"curies":[{"name":"wp","href":"https:\/\/api.w.org\/{rel}","templated":true}]}}