{"id":233464,"date":"2023-11-09T19:20:06","date_gmt":"2023-11-09T19:20:06","guid":{"rendered":"https:\/\/ami.mr\/fr\/?p=233464"},"modified":"2023-11-09T19:20:06","modified_gmt":"2023-11-09T19:20:06","slug":"le-ministere-de-leconomie-organise-une-reunion-sur-les-projets-de-developpement-au-hodh-chargui","status":"publish","type":"post","link":"https:\/\/ami.mr\/fr\/archives\/233464","title":{"rendered":"Le minist\u00e8re de l\u2019Economie organise une r\u00e9union sur les projets de d\u00e9veloppement au Hodh Chargui"},"content":{"rendered":"<div class=\"cell auto-size\">\n<div class=\"set-border bd-gray padding10 margin10 no-margin-right no-margin-left \" dir=\"ltr\">\n<p>Le secr\u00e9taire g\u00e9n\u00e9ral du minist\u00e8re de l\u2019Economie et du D\u00e9veloppement durable, M. Yacoub Ould Ahmed Aicha, a pr\u00e9sid\u00e9, jeudi \u00e0 Nouakchott, une r\u00e9union pour discuter du niveau d\u2019avancement de la mise en \u0153uvre des projets en cours de r\u00e9alisation dans la Wilaya du Hodh Chargui \u00e0 l\u2019issue de la table ronde tenue \u00e0 Nema en 2021.<\/p>\n<p>Dans un mot prononc\u00e9 pour la circonstance, le secr\u00e9taire g\u00e9n\u00e9ral a mis en exergue l\u2019importance de cette r\u00e9union d\u2019\u00e9valuation visant \u00e0 examiner le niveau d\u2019ex\u00e9cution des projets, niveau du respect des bailleurs de fonds de leurs engagements et l\u2019\u00e9valuation de l\u2019impact de la mise en \u0153uvre de ces projets sur le d\u00e9veloppement de la Wilaya.<\/p>\n<p>Le secr\u00e9taire g\u00e9n\u00e9ral a rappel\u00e9 l\u2019int\u00e9r\u00eat accord\u00e9 par Son Excellence Monsieur le Pr\u00e9sident de la R\u00e9publique, M. Mohamed Ould Cheikh El Ghazouani, au d\u00e9veloppement de la Wilaya du Hodh Chergui, qui s\u2019est concr\u00e9tis\u00e9 dans l\u2019organisation de la table ronde sur la mobilisation des fonds en 2021 pour son d\u00e9veloppement.<\/p>\n<p>Cet int\u00e9r\u00eat s\u2019est traduit, \u00e9galement, par des promesses de moyens financiers importants de la part des partenaires pour atteindre les objectifs fix\u00e9s.<\/p>\n<p>Au cours de la r\u00e9union, le coordinateur de la Cellule de coordination des projets de d\u00e9veloppement du Hodh Chargui, M. Cheikh Ould Ewah, a fait une pr\u00e9sentation dans laquelle il a r\u00e9v\u00e9l\u00e9 que le niveau de mobilisation des financements entre novembre 2021 et 2023 a atteint 78%, et qu\u2019il a \u00e9t\u00e9 orient\u00e9 vers 16 projets couvrant divers secteurs, visant \u00e0 am\u00e9liorer les conditions de vie de la population et \u00e0 cr\u00e9er une croissance inclusive et durable.<\/p>\n<p>La r\u00e9union a \u00e9t\u00e9 l\u2019occasion de discussions approfondies au cours desquelles le niveau de mise en \u0153uvre des projets et les obstacles auxquels ils sont confront\u00e9s, ainsi que leurs perspectives d\u2019avenir, ont \u00e9t\u00e9 examin\u00e9s, en plus de la n\u00e9cessit\u00e9 d\u2019intensifier la coordination entre les projets.<\/p>\n<\/div>\n<div class=\"set-border bd-gray padding10 margin10 no-margin-right no-margin-left \" dir=\"ltr\">\n<p>Ont particip\u00e9 \u00e0 cette r\u00e9union d\u2019\u00e9valuation les repr\u00e9sentants des partenaires finan\u00e7ant ces projets et programmes, les autorit\u00e9s supervisant leur mise en \u0153uvre, ainsi que le chef de la r\u00e9gion de la Wilaya du Hodh Chargui, M. Mohamedou Ould Tijani.<\/p>\n<\/div>\n<\/div>\n","protected":false},"excerpt":{"rendered":"<p>Le secr\u00e9taire g\u00e9n\u00e9ral du minist\u00e8re de l\u2019Economie et du D\u00e9veloppement durable, M. Yacoub Ould Ahmed Aicha, a pr\u00e9sid\u00e9, jeudi \u00e0 Nouakchott, une r\u00e9union pour discuter du niveau d\u2019avancement de la mise en \u0153uvre des projets en cours de r\u00e9alisation dans la Wilaya du Hodh Chargui \u00e0 l\u2019issue de la table ronde tenue \u00e0 Nema en [&hellip;]<\/p>\n","protected":false},"author":13,"featured_media":233466,"comment_status":"open","ping_status":"open","sticky":false,"template":"","format":"standard","meta":{"footnotes":""},"categories":[63918,63919,63957,63959,63922],"tags":[],"class_list":["post-233464","post","type-post","status-publish","format-standard","has-post-thumbnail","hentry","category-autres","category-choix-du-redacteur","category-fil-dactualite","category-mauritanie","category-slider-economie"],"_links":{"self":[{"href":"https:\/\/ami.mr\/fr\/wp-json\/wp\/v2\/posts\/233464","targetHints":{"allow":["GET"]}}],"collection":[{"href":"https:\/\/ami.mr\/fr\/wp-json\/wp\/v2\/posts"}],"about":[{"href":"https:\/\/ami.mr\/fr\/wp-json\/wp\/v2\/types\/post"}],"author":[{"embeddable":true,"href":"https:\/\/ami.mr\/fr\/wp-json\/wp\/v2\/users\/13"}],"replies":[{"embeddable":true,"href":"https:\/\/ami.mr\/fr\/wp-json\/wp\/v2\/comments?post=233464"}],"version-history":[{"count":1,"href":"https:\/\/ami.mr\/fr\/wp-json\/wp\/v2\/posts\/233464\/revisions"}],"predecessor-version":[{"id":233474,"href":"https:\/\/ami.mr\/fr\/wp-json\/wp\/v2\/posts\/233464\/revisions\/233474"}],"wp:featuredmedia":[{"embeddable":true,"href":"https:\/\/ami.mr\/fr\/wp-json\/wp\/v2\/media\/233466"}],"wp:attachment":[{"href":"https:\/\/ami.mr\/fr\/wp-json\/wp\/v2\/media?parent=233464"}],"wp:term":[{"taxonomy":"category","embeddable":true,"href":"https:\/\/ami.mr\/fr\/wp-json\/wp\/v2\/categories?post=233464"},{"taxonomy":"post_tag","embeddable":true,"href":"https:\/\/ami.mr\/fr\/wp-json\/wp\/v2\/tags?post=233464"}],"curies":[{"name":"wp","href":"https:\/\/api.w.org\/{rel}","templated":true}]}}