{"id":233419,"date":"2023-11-09T14:47:16","date_gmt":"2023-11-09T14:47:16","guid":{"rendered":"https:\/\/ami.mr\/fr\/?p=233419"},"modified":"2023-11-09T15:18:51","modified_gmt":"2023-11-09T15:18:51","slug":"la-ministre-a-laction-sociale-loffre-prescolaire-connait-un-accroissement-fulgurant-2","status":"publish","type":"post","link":"https:\/\/ami.mr\/fr\/archives\/233419","title":{"rendered":"La ministre \u00e0 l\u2019action sociale: \u00abL\u2019offre pr\u00e9scolaire connait un accroissement fulgurant\u00bb"},"content":{"rendered":"<p>La ministre de l\u2019Action sociale, de l&#8217;Enfance et de la Famille, Mme Saviya Mint Ntehah, a affirm\u00e9 l&#8217;\u00e9ducation pr\u00e9scolaire a connu un essor qualitatif gr\u00e2ce aux efforts d\u00e9ploy\u00e9s dans ce domaine et \u00e0 la demande croissante des citoyens, soulignant qu&#8217;il s&#8217;agit d&#8217;une phase pr\u00e9scolaire d\u00e9cisive qui n\u00e9cessite les efforts concert\u00e9s de tous. La ministre a fait cette d\u00e9claration lors de la visite qu&#8217;elle a effectu\u00e9e ce jeudi dans les jardins d&#8217;enfants et les cr\u00e8ches de Teyarettt, Dar-Naa\u00eem et Toujounine, dans la wilaya de Nouakchott-Nord.<\/p>\n<p>Elle a convi\u00e9 les parents \u00e0 enregistrer leurs jeunes enfants en \u00e2ge de pr\u00e9scolarisation dans les \u00e9tablissements cr\u00e9\u00e9s \u00e0 cet effet assurant que l\u2019offre pr\u00e9scolaire s\u2019est nettement accrue pour \u00eatre en mesure de garantir que 100 000 enfants aient l&#8217;acc\u00e8s \u00e0 l&#8217;\u00e9ducation pr\u00e9scolaire avant la fin du mandat de Son Excellence le Pr\u00e9sident de la R\u00e9publique, Monsieur Mohamed Ould Cheikh El Ghazouani.<\/p>\n<p>La ministre a indiqu\u00e9 que l&#8217;enseignement pr\u00e9scolaire est une \u00e9tape importante dans l&#8217;\u00e9ducation des enfants et n\u00e9cessite des efforts suppl\u00e9mentaires et la participation de divers acteurs dans ce domaine.<\/p>\n<p>Elle a soulign\u00e9 la n\u00e9cessit\u00e9 de pallier les d\u00e9s\u00e9quilibres et les insuffisances constat\u00e9s dans ces \u00e9tablissements, mettant l\u2019accent sur la n\u00e9cessit\u00e9 de la propret\u00e9 constante de ces \u00e9tablissements pour pr\u00e9server la sant\u00e9 des enfants.<\/p>\n<p>Au cours de la visite, la ministre \u00e9tait accompagn\u00e9e du secr\u00e9taire g\u00e9n\u00e9ral du minist\u00e8re de l\u2019Action sociale, de l&#8217;Enfance et de la Famille et de plusieurs responsables r\u00e9gionaux de la wilaya de Nouakchott-Nord.<\/p>\n<p><img decoding=\"async\" class=\"alignnone wp-image-233409\" src=\"https:\/\/ami.mr\/fr\/wp-content\/uploads\/2023\/11\/00002222-300x200.jpg\" alt=\"\" width=\"776\" height=\"517\" srcset=\"https:\/\/ami.mr\/fr\/wp-content\/uploads\/2023\/11\/00002222-300x200.jpg 300w, https:\/\/ami.mr\/fr\/wp-content\/uploads\/2023\/11\/00002222-1024x683.jpg 1024w, https:\/\/ami.mr\/fr\/wp-content\/uploads\/2023\/11\/00002222-768x512.jpg 768w, https:\/\/ami.mr\/fr\/wp-content\/uploads\/2023\/11\/00002222-1536x1024.jpg 1536w, https:\/\/ami.mr\/fr\/wp-content\/uploads\/2023\/11\/00002222-2048x1365.jpg 2048w\" sizes=\"(max-width: 776px) 100vw, 776px\" \/><\/p>\n","protected":false},"excerpt":{"rendered":"<p>La ministre de l\u2019Action sociale, de l&#8217;Enfance et de la Famille, Mme Saviya Mint Ntehah, a affirm\u00e9 l&#8217;\u00e9ducation pr\u00e9scolaire a connu un essor qualitatif gr\u00e2ce aux efforts d\u00e9ploy\u00e9s dans ce domaine et \u00e0 la demande croissante des citoyens, soulignant qu&#8217;il s&#8217;agit d&#8217;une phase pr\u00e9scolaire d\u00e9cisive qui n\u00e9cessite les efforts concert\u00e9s de tous. La ministre a [&hellip;]<\/p>\n","protected":false},"author":16,"featured_media":233411,"comment_status":"open","ping_status":"open","sticky":false,"template":"","format":"standard","meta":{"footnotes":""},"categories":[63918,63957,63959],"tags":[],"class_list":["post-233419","post","type-post","status-publish","format-standard","has-post-thumbnail","hentry","category-autres","category-fil-dactualite","category-mauritanie"],"_links":{"self":[{"href":"https:\/\/ami.mr\/fr\/wp-json\/wp\/v2\/posts\/233419","targetHints":{"allow":["GET"]}}],"collection":[{"href":"https:\/\/ami.mr\/fr\/wp-json\/wp\/v2\/posts"}],"about":[{"href":"https:\/\/ami.mr\/fr\/wp-json\/wp\/v2\/types\/post"}],"author":[{"embeddable":true,"href":"https:\/\/ami.mr\/fr\/wp-json\/wp\/v2\/users\/16"}],"replies":[{"embeddable":true,"href":"https:\/\/ami.mr\/fr\/wp-json\/wp\/v2\/comments?post=233419"}],"version-history":[{"count":2,"href":"https:\/\/ami.mr\/fr\/wp-json\/wp\/v2\/posts\/233419\/revisions"}],"predecessor-version":[{"id":233424,"href":"https:\/\/ami.mr\/fr\/wp-json\/wp\/v2\/posts\/233419\/revisions\/233424"}],"wp:featuredmedia":[{"embeddable":true,"href":"https:\/\/ami.mr\/fr\/wp-json\/wp\/v2\/media\/233411"}],"wp:attachment":[{"href":"https:\/\/ami.mr\/fr\/wp-json\/wp\/v2\/media?parent=233419"}],"wp:term":[{"taxonomy":"category","embeddable":true,"href":"https:\/\/ami.mr\/fr\/wp-json\/wp\/v2\/categories?post=233419"},{"taxonomy":"post_tag","embeddable":true,"href":"https:\/\/ami.mr\/fr\/wp-json\/wp\/v2\/tags?post=233419"}],"curies":[{"name":"wp","href":"https:\/\/api.w.org\/{rel}","templated":true}]}}