{"id":233403,"date":"2023-11-09T14:15:19","date_gmt":"2023-11-09T14:15:19","guid":{"rendered":"https:\/\/ami.mr\/fr\/?p=233403"},"modified":"2023-11-09T14:15:19","modified_gmt":"2023-11-09T14:15:19","slug":"le-ministre-de-linterieur-sentretient-avec-lambassadeur-du-senegal-3","status":"publish","type":"post","link":"https:\/\/ami.mr\/fr\/archives\/233403","title":{"rendered":"Le ministre de l\u2019Int\u00e9rieur s\u2019entretient avec l\u2019ambassadeur du S\u00e9n\u00e9gal"},"content":{"rendered":"<div class=\"cell auto-size\">\n<div class=\"set-border bd-gray padding10 margin10 no-margin-right no-margin-left \" dir=\"ltr\">\n<div class=\"cell auto-size\">\n<div class=\"set-border bd-gray padding10 margin10 no-margin-right no-margin-left \" dir=\"ltr\">\n<p>Le ministre de l&#8217;Int\u00e9rieur et de la D\u00e9centralisation, Monsieur Mohamed Ahmed Ould Mohamed Lemine, s&#8217;est entretenu, ce jeudi \u00e0 Nouakchott, avec M. Biram Mbanek Diagne, le nouvel ambassadeur de la R\u00e9publique de du S\u00e9n\u00e9gal en Mauritanie.<\/p>\n<p>Les entretiens, qui se sont d\u00e9roul\u00e9s en pr\u00e9sence du secr\u00e9taire g\u00e9n\u00e9ral du minist\u00e8re de l&#8217;Int\u00e9rieur et de la D\u00e9centralisation, M. Mohamed Mahfoudh Brahim Ahmed, ont port\u00e9 sur les relations de coop\u00e9ration existantes entre les deux pays fr\u00e8res et les moyens de les renforcer et de les d\u00e9velopper, notamment dans les domaines de comp\u00e9tence du minist\u00e8re de l\u2019Int\u00e9rieur et de la D\u00e9centralisation.<\/p>\n<\/div>\n<\/div>\n<\/div>\n<\/div>\n","protected":false},"excerpt":{"rendered":"<p>Le ministre de l&#8217;Int\u00e9rieur et de la D\u00e9centralisation, Monsieur Mohamed Ahmed Ould Mohamed Lemine, s&#8217;est entretenu, ce jeudi \u00e0 Nouakchott, avec M. Biram Mbanek Diagne, le nouvel ambassadeur de la R\u00e9publique de du S\u00e9n\u00e9gal en Mauritanie. Les entretiens, qui se sont d\u00e9roul\u00e9s en pr\u00e9sence du secr\u00e9taire g\u00e9n\u00e9ral du minist\u00e8re de l&#8217;Int\u00e9rieur et de la D\u00e9centralisation, [&hellip;]<\/p>\n","protected":false},"author":16,"featured_media":233405,"comment_status":"open","ping_status":"open","sticky":false,"template":"","format":"standard","meta":{"footnotes":""},"categories":[63918,63957,63959],"tags":[],"class_list":["post-233403","post","type-post","status-publish","format-standard","has-post-thumbnail","hentry","category-autres","category-fil-dactualite","category-mauritanie"],"_links":{"self":[{"href":"https:\/\/ami.mr\/fr\/wp-json\/wp\/v2\/posts\/233403","targetHints":{"allow":["GET"]}}],"collection":[{"href":"https:\/\/ami.mr\/fr\/wp-json\/wp\/v2\/posts"}],"about":[{"href":"https:\/\/ami.mr\/fr\/wp-json\/wp\/v2\/types\/post"}],"author":[{"embeddable":true,"href":"https:\/\/ami.mr\/fr\/wp-json\/wp\/v2\/users\/16"}],"replies":[{"embeddable":true,"href":"https:\/\/ami.mr\/fr\/wp-json\/wp\/v2\/comments?post=233403"}],"version-history":[{"count":1,"href":"https:\/\/ami.mr\/fr\/wp-json\/wp\/v2\/posts\/233403\/revisions"}],"predecessor-version":[{"id":233406,"href":"https:\/\/ami.mr\/fr\/wp-json\/wp\/v2\/posts\/233403\/revisions\/233406"}],"wp:featuredmedia":[{"embeddable":true,"href":"https:\/\/ami.mr\/fr\/wp-json\/wp\/v2\/media\/233405"}],"wp:attachment":[{"href":"https:\/\/ami.mr\/fr\/wp-json\/wp\/v2\/media?parent=233403"}],"wp:term":[{"taxonomy":"category","embeddable":true,"href":"https:\/\/ami.mr\/fr\/wp-json\/wp\/v2\/categories?post=233403"},{"taxonomy":"post_tag","embeddable":true,"href":"https:\/\/ami.mr\/fr\/wp-json\/wp\/v2\/tags?post=233403"}],"curies":[{"name":"wp","href":"https:\/\/api.w.org\/{rel}","templated":true}]}}