{"id":233358,"date":"2023-11-08T21:23:38","date_gmt":"2023-11-08T21:23:38","guid":{"rendered":"https:\/\/ami.mr\/fr\/?p=233358"},"modified":"2023-11-09T14:24:30","modified_gmt":"2023-11-09T14:24:30","slug":"ministre-du-petrole-letat-poursuit-lassainissement-du-cadastre-minier","status":"publish","type":"post","link":"https:\/\/ami.mr\/fr\/archives\/233358","title":{"rendered":"Ministre du P\u00e9trole: l\u2019\u00c9tat poursuit l\u2019assainissement du cadastre minier"},"content":{"rendered":"<p>Des membres du gouvernement, ont comment\u00e9, mercredi soir, les r\u00e9sultats du conseil des ministres qui s\u2019est d\u00e9roul\u00e9 plus t\u00f4t dans la matin\u00e9e. Il s\u2019agit des ministres du P\u00e9trole, de l\u2019\u00c9nergie et des Mines, porte-parole du gouvernement, M. Nany Ould Chrougha, du Commerce, de l&#8217;Industrie, de l&#8217;Artisanat et du Tourisme, M. Lemrabott Ould Bennahi, de l&#8217;Enseignement sup\u00e9rieur et de la Recherche scientifique, M. Niang Mamoudou, de l&#8217;Action sociale, de l&#8217;Enfance et de la Famille, Mme Savia Mint N&#8217;Tehah.<\/p>\n<p><img decoding=\"async\" class=\" wp-image-233410 alignright\" src=\"https:\/\/ami.mr\/fr\/wp-content\/uploads\/2023\/11\/09-11-2023-53-300x300.jpg\" alt=\"\" width=\"166\" height=\"166\" srcset=\"https:\/\/ami.mr\/fr\/wp-content\/uploads\/2023\/11\/09-11-2023-53-300x300.jpg 300w, https:\/\/ami.mr\/fr\/wp-content\/uploads\/2023\/11\/09-11-2023-53-150x150.jpg 150w, https:\/\/ami.mr\/fr\/wp-content\/uploads\/2023\/11\/09-11-2023-53.jpg 533w\" sizes=\"(max-width: 166px) 100vw, 166px\" \/>Dans son mot introductif,<span style=\"color: #0000ff;\"> le porte-parole du gouvernement<\/span> a d\u00e9clar\u00e9 que le conseil a examin\u00e9 et approuv\u00e9, plusieurs projets de d\u00e9cret et des communications. Il a cit\u00e9 ceux relatifs \u00e0 l\u2019accord de 52 permis de recherche dans le secteur minier, au statut particulier de l\u2019enseignant technologue et \u00e0 l\u2019organisation des journ\u00e9es nationales de l\u2019Artisanat mauritanien. Il a par la suite invit\u00e9 ses homologues, chacun en ce qui le concerne, \u00e0 apporter davantage de pr\u00e9cisions.<\/p>\n<p><img decoding=\"async\" class=\" wp-image-233412 alignright\" src=\"https:\/\/ami.mr\/fr\/wp-content\/uploads\/2023\/11\/09-11-2023-54-300x300.jpg\" alt=\"\" width=\"166\" height=\"166\" srcset=\"https:\/\/ami.mr\/fr\/wp-content\/uploads\/2023\/11\/09-11-2023-54-300x300.jpg 300w, https:\/\/ami.mr\/fr\/wp-content\/uploads\/2023\/11\/09-11-2023-54-150x150.jpg 150w, https:\/\/ami.mr\/fr\/wp-content\/uploads\/2023\/11\/09-11-2023-54.jpg 533w\" sizes=\"(max-width: 166px) 100vw, 166px\" \/>Prenant la parole, <span style=\"color: #0000ff;\">le ministre du Commerce<\/span> a fait l\u2019\u00e9conomie de sa communication relative \u00e0 la mise en place des journ\u00e9es nationales de l\u2019Artisanat mauritanien. Cette manifestation, dont la premi\u00e8re \u00e9dition est en pr\u00e9paration, a pour but de valoriser l\u2019artisanat local et le patrimoine culturel, a d\u00e9clar\u00e9 le ministre. Cet \u00e9v\u00e9nement, a-t-il dit, permettra aussi de renforcer la coop\u00e9ration culturelle et \u00e9conomique, entre la Mauritanie et les acteurs nationaux et internationaux.<\/p>\n<p>Il a d\u00e9clar\u00e9 que ces journ\u00e9es se d\u00e9rouleront en pr\u00e9sence de pays de la sous-r\u00e9gion ayant une expertise av\u00e9r\u00e9e dans ce domaine (Burkina Faso, Mali, S\u00e9n\u00e9gal, Maroc, Tunisie, Alg\u00e9rie, etc).<\/p>\n<p>Le ministre a, pr\u00e9cis\u00e9 que la tenue de la premi\u00e8re \u00e9dition des journ\u00e9es nationales de l\u2019Artisanat mauritanien, comprendra une grande exposition, des pr\u00e9sentations techniques et du r\u00e9seautage. Ce rendez-vous, sera aussi l\u2019occasion de saisir de nouvelles opportunit\u00e9s et d\u2019attirer l\u2019attention sur le r\u00f4le de l\u2019Artisanat dans le d\u00e9veloppement.<\/p>\n<p>Interpell\u00e9 sur la probl\u00e9matique de la hausse des prix, le ministre a rappel\u00e9 que la conjoncture \u00e9conomique, au niveau mondial, marqu\u00e9e par les crises du Covid-19 puis la guerre en Ukraine, a perturb\u00e9 le march\u00e9. Cela a eu par exemple pour effet, l\u2019augmentation des co\u00fbts du transport maritime entre la Mauritanie et la Chine. Malgr\u00e9 tout, l\u2019\u00c9tat a mis en place des m\u00e9canismes, pour juguler ce probl\u00e8me, a indiqu\u00e9 le ministre et l\u2019administration des prix de denr\u00e9es de premi\u00e8re n\u00e9cessit\u00e9 ainsi que l\u2019\u00e9tablissement d\u2019une centrale d\u2019achat des produits de base, ont permis d\u2019approvisionner le march\u00e9 correctement et de veiller \u00e0 ce que les prix soient acceptables.<\/p>\n<p>Sur la n\u00e9cessit\u00e9 de cr\u00e9er un \u00e9tablissement charg\u00e9 de l\u2019Artisanat, le ministre a indiqu\u00e9 que plusieurs m\u00e9canismes ont \u00e9t\u00e9 mis en place, afin de promouvoir ce secteur. Il a cependant soulign\u00e9 qu\u2019une r\u00e9vision du cadre est en cours. Les recommandations feront ressortir la pertinence ou non, de mettre en place une structure qui lui est d\u00e9di\u00e9e.<\/p>\n<p><img decoding=\"async\" class=\" wp-image-233413 alignright\" src=\"https:\/\/ami.mr\/fr\/wp-content\/uploads\/2023\/11\/09-11-2023-55-300x300.jpg\" alt=\"\" width=\"173\" height=\"173\" srcset=\"https:\/\/ami.mr\/fr\/wp-content\/uploads\/2023\/11\/09-11-2023-55-300x300.jpg 300w, https:\/\/ami.mr\/fr\/wp-content\/uploads\/2023\/11\/09-11-2023-55-150x150.jpg 150w, https:\/\/ami.mr\/fr\/wp-content\/uploads\/2023\/11\/09-11-2023-55.jpg 533w\" sizes=\"(max-width: 173px) 100vw, 173px\" \/>Pour sa part, <span style=\"color: #0000ff;\">le ministre de l\u2019Enseignement sup\u00e9rieur<\/span> est revenu sur les grandes lignes du projet de d\u00e9cret relatif au statut particulier des enseignants technologues qui consiste \u00e0 harmoniser plusieurs textes, portant sur les sp\u00e9cialit\u00e9s et domaines dans lesquels les enseignants technologues sont regroup\u00e9s. L\u2019objectif est de permettre aux personnes form\u00e9es en sciences param\u00e9dicales, d\u2019acc\u00e9der \u00e0 ce corps. Le ministre a rappel\u00e9 que le texte, intervient dans un contexte, o\u00f9 l\u2019\u00e9cole de sant\u00e9 publique a chang\u00e9 de statut, devenant un \u00e9tablissement d\u2019enseignement sup\u00e9rieur, d\u2019o\u00f9 la n\u00e9cessit\u00e9 de ce r\u00e9ajustement.<\/p>\n<p>Interrog\u00e9 sur la question des boursiers mauritaniens en Alg\u00e9rie, le ministre a d\u00e9clar\u00e9 que l\u2019\u00c9tat a, d\u00e8s la sortie des r\u00e9sultats du Baccalaur\u00e9at, pris les dispositions n\u00e9cessaires pour orienter les \u00e9tudiants boursiers au S\u00e9n\u00e9gal, en Alg\u00e9rie, en Tunisie et au Maroc. Dans tous ces pays, la bourse, le billet et le reste ont \u00e9t\u00e9 transmis aux ambassades. Seulement l\u2019Alg\u00e9rie a d\u00e9cid\u00e9 de r\u00e9orienter certains \u00e9tudiants mauritaniens, dans d\u2019autres fili\u00e8res, a-t-il pr\u00e9cis\u00e9. Il a relev\u00e9 toutefois que le choix est laiss\u00e9 \u00e0 chacun, de poursuivre ses \u00e9tudes dans la nouvelle fili\u00e8re ou de revenir en Mauritanie et \u00eatre int\u00e9gr\u00e9e \u00e0 la branche initiale, dans l\u2019un des \u00e9tablissements du pays.<\/p>\n<p><img decoding=\"async\" class=\" wp-image-233415 alignright\" src=\"https:\/\/ami.mr\/fr\/wp-content\/uploads\/2023\/11\/09-11-2023-56-300x300.jpg\" alt=\"\" width=\"173\" height=\"173\" srcset=\"https:\/\/ami.mr\/fr\/wp-content\/uploads\/2023\/11\/09-11-2023-56-300x300.jpg 300w, https:\/\/ami.mr\/fr\/wp-content\/uploads\/2023\/11\/09-11-2023-56-150x150.jpg 150w, https:\/\/ami.mr\/fr\/wp-content\/uploads\/2023\/11\/09-11-2023-56.jpg 533w\" sizes=\"(max-width: 173px) 100vw, 173px\" \/>A son tour, <span style=\"color: #0000ff;\">la ministre de l\u2019Action sociale<\/span> a expos\u00e9 les points saillants de la communication conjointe du MASEF et du minist\u00e8re de l\u2019Int\u00e9rieur, portant sur les enfants sans soutien familial. Elle a d\u00e9clar\u00e9 que le texte vise \u00e0 prot\u00e9ger les enfants qui sont livr\u00e9s \u00e0 eux-m\u00eames, qui se retrouvent dans les rues ou sont exploit\u00e9s par d\u2019autres. Il s\u2019agit d\u2019apr\u00e8s elle, de renforcer les m\u00e9canismes de protection existants, sur le plan juridique mais aussi socio-\u00e9conomique.<\/p>\n<p>Elle a soulign\u00e9 qu\u2019une batterie de mesures seront prises, afin soustraire ces enfants sans soutien familial, aux travaux p\u00e9nibles et \u00e0 l\u2019exploitation en leur permettant d\u2019acc\u00e9der \u00e0 l\u2019\u00e9ducation et \u00e0 la sant\u00e9. Ceci, poursuit-elle, passe par l\u2019application des lois, notamment celle relative \u00e0 la scolarisation obligatoire, \u00e0 la lutte contre la mendicit\u00e9, entre autres.<\/p>\n<p>En outre, la ministre a r\u00e9pondu \u00e0 des questions, dont celle li\u00e9e \u00e0 la prise en charge de malades indigents. Elle a pr\u00e9cis\u00e9 \u00e0 ce propos, que plus de 6000 personnes, atteintes de maladies chroniques et\/ou de cancers, b\u00e9n\u00e9ficient de cash transfert mensuel, d\u2019assurance maladie et d\u2019une prise en charge en cas d\u2019\u00e9vacuation \u00e0 l\u2019\u00e9tranger.<\/p>\n<p>Reprenant la parole, le ministre du P\u00e9trole, de l\u2019\u00c9nergie et des Mines, porte-parole du gouvernement, a affirm\u00e9 que dans le cadre des efforts entrepris, pour l&#8217;assainissement du cadastre minier, il a \u00e9t\u00e9 d\u00e9cid\u00e9 l\u2019apurement de 52 demandes de permis de recherche mini\u00e8re pour les substances des groupes 2 et 5, \u00e0 travers deux d\u00e9crets.<\/p>\n<p>Il a rappel\u00e9 que le cadastre minier est ferm\u00e9 depuis 2009 et qu\u2019entre temps, il y a eu plusieurs demandes. Le ministre a soulign\u00e9 qu\u2019apr\u00e8s l\u2019attribution des 52 permis de recherche, le cadastre minier sera de nouveau ouvert. Il a pr\u00e9cis\u00e9 que cette d\u00e9cision a \u00e9t\u00e9 salu\u00e9e par les partenaires internationaux, rappelant que la Mauritanie est bien not\u00e9e en ce qui concerne la transparence dans les secteurs extractifs.<\/p>\n<p>Le porte-parole du gouvernement a indiqu\u00e9 que le Pr\u00e9sident de la R\u00e9publique, a donn\u00e9 des instructions, pour une meilleure implication des conseils r\u00e9gionaux, dans les actions de d\u00e9veloppement r\u00e9gional. Il s\u2019agit, dit-il, de partenaires incontournables pour un d\u00e9veloppement local durable. Ces Conseils r\u00e9gionaux sont notamment encourag\u00e9s \u00e0 \u00eatre plus pr\u00e9sents dans leurs circonscriptions afin d\u2019accompagner les citoyens dans leurs d\u00e9marches, dont le Recensement G\u00e9n\u00e9ral de la Population et de l\u2019Habitat ou encore la promotion de l\u2019\u00e9cole R\u00e9publicaine.<\/p>\n<p>Interpell\u00e9 sur le retrait de la soci\u00e9t\u00e9 British Petroleum du champ gazier au S\u00e9n\u00e9gal, le ministre a d\u00e9clar\u00e9 que cela n\u2019a aucune r\u00e9percussion sur la Mauritanie et qu\u2019il n\u2019y a pas de quoi s\u2019inqui\u00e9ter.<\/p>\n","protected":false},"excerpt":{"rendered":"<p>Des membres du gouvernement, ont comment\u00e9, mercredi soir, les r\u00e9sultats du conseil des ministres qui s\u2019est d\u00e9roul\u00e9 plus t\u00f4t dans la matin\u00e9e. Il s\u2019agit des ministres du P\u00e9trole, de l\u2019\u00c9nergie et des Mines, porte-parole du gouvernement, M. Nany Ould Chrougha, du Commerce, de l&#8217;Industrie, de l&#8217;Artisanat et du Tourisme, M. Lemrabott Ould Bennahi, de l&#8217;Enseignement [&hellip;]<\/p>\n","protected":false},"author":8,"featured_media":233408,"comment_status":"open","ping_status":"open","sticky":false,"template":"","format":"standard","meta":{"footnotes":""},"categories":[63919,63957,63959,63921,63927],"tags":[],"class_list":["post-233358","post","type-post","status-publish","format-standard","has-post-thumbnail","hentry","category-choix-du-redacteur","category-fil-dactualite","category-mauritanie","category-slider-afficher","category-slider-mauritanie"],"_links":{"self":[{"href":"https:\/\/ami.mr\/fr\/wp-json\/wp\/v2\/posts\/233358","targetHints":{"allow":["GET"]}}],"collection":[{"href":"https:\/\/ami.mr\/fr\/wp-json\/wp\/v2\/posts"}],"about":[{"href":"https:\/\/ami.mr\/fr\/wp-json\/wp\/v2\/types\/post"}],"author":[{"embeddable":true,"href":"https:\/\/ami.mr\/fr\/wp-json\/wp\/v2\/users\/8"}],"replies":[{"embeddable":true,"href":"https:\/\/ami.mr\/fr\/wp-json\/wp\/v2\/comments?post=233358"}],"version-history":[{"count":3,"href":"https:\/\/ami.mr\/fr\/wp-json\/wp\/v2\/posts\/233358\/revisions"}],"predecessor-version":[{"id":233417,"href":"https:\/\/ami.mr\/fr\/wp-json\/wp\/v2\/posts\/233358\/revisions\/233417"}],"wp:featuredmedia":[{"embeddable":true,"href":"https:\/\/ami.mr\/fr\/wp-json\/wp\/v2\/media\/233408"}],"wp:attachment":[{"href":"https:\/\/ami.mr\/fr\/wp-json\/wp\/v2\/media?parent=233358"}],"wp:term":[{"taxonomy":"category","embeddable":true,"href":"https:\/\/ami.mr\/fr\/wp-json\/wp\/v2\/categories?post=233358"},{"taxonomy":"post_tag","embeddable":true,"href":"https:\/\/ami.mr\/fr\/wp-json\/wp\/v2\/tags?post=233358"}],"curies":[{"name":"wp","href":"https:\/\/api.w.org\/{rel}","templated":true}]}}