{"id":233278,"date":"2023-11-07T20:22:10","date_gmt":"2023-11-07T20:22:10","guid":{"rendered":"https:\/\/ami.mr\/fr\/?p=233278"},"modified":"2023-11-07T20:22:10","modified_gmt":"2023-11-07T20:22:10","slug":"la-ministre-de-laction-sociale-visite-des-ecoles-maternelles-relevant-de-nouakchott-sud","status":"publish","type":"post","link":"https:\/\/ami.mr\/fr\/archives\/233278","title":{"rendered":"La ministre de l\u2019action sociale visite des \u00e9coles maternelles relevant de Nouakchott- Sud"},"content":{"rendered":"<div class=\"row\"><\/div>\n<div class=\"row\">\n<div class=\"cell auto-size\">\n<div class=\"set-border bd-gray padding10 margin10 no-margin-right no-margin-left \" dir=\"ltr\">\n<p>La ministre de l\u2019action Sociale, de l&#8217;Enfance et de la Famille, Mme Savia Mint Ntehah a effectu\u00e9 mardi une visite d&#8217;inspection \u00e0 plusieurs jardins d&#8217;enfants et salles de l\u2019enseignement pr\u00e9scolaire au niveau de certains \u00e9tablissements d&#8217;enseignement relevant de la wilaya de Nouakchott- Sud.<\/p>\n<p>La ministre s\u2019est rendue dans les salles de l\u2019enseignement pr\u00e9scolaire au niveau des \u00e9coles Abou Oubeida, Sedoum et Tfeil en plus des jardins d&#8217;enfants Temkine, El Abaghira et El Weva, o\u00f9 elle a re\u00e7u des explications des responsables sur le d\u00e9roulement des cours avant de s\u2019informer sur les probl\u00e8mes rencontr\u00e9s, promettant d\u2019\u0153uvrer afin de surmonter toutes les insuffisantes relev\u00e9es.<\/p>\n<p>&#8220;Cette visite m\u2019a permis d&#8217;identifier un certain nombre de lacunes qui seront combl\u00e9es dans un avenir proche, notamment en mati\u00e8re d&#8217;infrastructures, a affirm\u00e9 la ministre \u00e0 l\u2019AMI&#8221;, soulignant l&#8217;importance des \u00e9coles maternelles dans l\u2019enseignement primaire et mettant en exergue, l\u2019importance accord\u00e9e par le gouvernement mauritanien \u00e0 l\u2019enseignement pr\u00e9scolaire.<\/p>\n<p>Elle a remerci\u00e9 aussi les responsables du programme de l\u2019enseignement pr\u00e9scolaire et les partenaires dans ce domaine pour les efforts d\u00e9ploy\u00e9s pour atteindre les objectifs fix\u00e9s, appelant \u00e0 redoubler d&#8217;efforts pour que 100 000 enfants aient acc\u00e8s \u00e0 l&#8217;\u00e9ducation pr\u00e9scolaire.<\/p>\n<p>Cette visite s&#8217;inscrit dans le cadre des efforts visant \u00e0 \u00e9lever le niveau de l&#8217;enseignement pr\u00e9scolaire et \u00e0 renforcer l&#8217;\u00c9cole r\u00e9publicaine, qui est l\u2019une des priorit\u00e9s de Son Excellence le Pr\u00e9sident de la R\u00e9publique, Monsieur Mohamed Ould Cheikh El Ghazouani, a ajout\u00e9 Mme Savia Mint Ntehah.<\/p>\n<p>Le secr\u00e9taire g\u00e9n\u00e9ral du d\u00e9partement, le wali de Nouakchott-Sud et les autorit\u00e9s administratives et s\u00e9curitaires faisaient partie de la d\u00e9l\u00e9gation minist\u00e9rielle.<\/p>\n<\/div>\n<\/div>\n<\/div>\n","protected":false},"excerpt":{"rendered":"<p>La ministre de l\u2019action Sociale, de l&#8217;Enfance et de la Famille, Mme Savia Mint Ntehah a effectu\u00e9 mardi une visite d&#8217;inspection \u00e0 plusieurs jardins d&#8217;enfants et salles de l\u2019enseignement pr\u00e9scolaire au niveau de certains \u00e9tablissements d&#8217;enseignement relevant de la wilaya de Nouakchott- Sud. La ministre s\u2019est rendue dans les salles de l\u2019enseignement pr\u00e9scolaire au niveau [&hellip;]<\/p>\n","protected":false},"author":8,"featured_media":233279,"comment_status":"open","ping_status":"open","sticky":false,"template":"","format":"standard","meta":{"footnotes":""},"categories":[63918,63957],"tags":[],"class_list":["post-233278","post","type-post","status-publish","format-standard","has-post-thumbnail","hentry","category-autres","category-fil-dactualite"],"_links":{"self":[{"href":"https:\/\/ami.mr\/fr\/wp-json\/wp\/v2\/posts\/233278","targetHints":{"allow":["GET"]}}],"collection":[{"href":"https:\/\/ami.mr\/fr\/wp-json\/wp\/v2\/posts"}],"about":[{"href":"https:\/\/ami.mr\/fr\/wp-json\/wp\/v2\/types\/post"}],"author":[{"embeddable":true,"href":"https:\/\/ami.mr\/fr\/wp-json\/wp\/v2\/users\/8"}],"replies":[{"embeddable":true,"href":"https:\/\/ami.mr\/fr\/wp-json\/wp\/v2\/comments?post=233278"}],"version-history":[{"count":1,"href":"https:\/\/ami.mr\/fr\/wp-json\/wp\/v2\/posts\/233278\/revisions"}],"predecessor-version":[{"id":233280,"href":"https:\/\/ami.mr\/fr\/wp-json\/wp\/v2\/posts\/233278\/revisions\/233280"}],"wp:featuredmedia":[{"embeddable":true,"href":"https:\/\/ami.mr\/fr\/wp-json\/wp\/v2\/media\/233279"}],"wp:attachment":[{"href":"https:\/\/ami.mr\/fr\/wp-json\/wp\/v2\/media?parent=233278"}],"wp:term":[{"taxonomy":"category","embeddable":true,"href":"https:\/\/ami.mr\/fr\/wp-json\/wp\/v2\/categories?post=233278"},{"taxonomy":"post_tag","embeddable":true,"href":"https:\/\/ami.mr\/fr\/wp-json\/wp\/v2\/tags?post=233278"}],"curies":[{"name":"wp","href":"https:\/\/api.w.org\/{rel}","templated":true}]}}