{"id":233269,"date":"2023-11-07T18:30:28","date_gmt":"2023-11-07T18:30:28","guid":{"rendered":"https:\/\/ami.mr\/fr\/?p=233269"},"modified":"2023-11-07T18:30:28","modified_gmt":"2023-11-07T18:30:28","slug":"rosso-le-comite-regional-sur-le-5eme-rg-se-reunit","status":"publish","type":"post","link":"https:\/\/ami.mr\/fr\/archives\/233269","title":{"rendered":"Rosso : Le comit\u00e9 r\u00e9gional sur le 5\u00e8me RG se r\u00e9unit"},"content":{"rendered":"<div class=\"row\">\n<div class=\"cell auto-size bd-gray\" dir=\"ltr\"><\/div>\n<\/div>\n<div class=\"row\">\n<div class=\"cell auto-size\">\n<div class=\"set-border bd-gray padding10 margin10 no-margin-right no-margin-left \" dir=\"ltr\">\n<p>Le comit\u00e9 r\u00e9gional du 5\u00e8me Recensement G\u00e9n\u00e9ral de la Population et de l&#8217;Habitation, au niveau du Trarza, a tenu, mardi \u00e0 Rosso, une r\u00e9union pour pr\u00e9parer son plan d\u2019action relatif aux pr\u00e9paratifs du dit recensement.<\/p>\n<p>Dans un mot prononc\u00e9 pour la circonstance, le wali du Trarza, M. Mohamed Ould Ahmed Maouloud, a indiqu\u00e9 que cette r\u00e9union s&#8217;inscrit dans le cadre des proc\u00e9dures d&#8217;organisation du 5\u00e8me recensement g\u00e9n\u00e9ral de la population et de l&#8217;habitat, pour lequel l&#8217;Etat a mobilis\u00e9 tous les moyens mat\u00e9riels, logistiques et humains, mettant en place des comit\u00e9s pour en assurer le suivi \u00e0 tous les niveaux.<\/p>\n<p>Il a ajout\u00e9 que cette r\u00e9union vise \u00e0 \u00e9laborer le plan d&#8217;action du comit\u00e9, en commen\u00e7ant par la sensibilisation, en passant par l&#8217;enregistrement et le contr\u00f4le, et enfin le suivi.<\/p>\n<p>M. le wali a appel\u00e9 tout un chacun \u00e0 apporter son soutien aux \u00e9quipes de terrain qui superviseront l\u2019op\u00e9ration de recensement, soulignant qu\u2019elle n\u00e9cessite les efforts concert\u00e9s de tous, car elle s&#8217;appuie sur les programmes et politiques \u00e9conomiques de l&#8217;\u00c9tat pour les dix prochaines ann\u00e9es.<\/p>\n<p>\u00c0 son tour, le chef du bureau r\u00e9gional du 5\u00e8me recensement g\u00e9n\u00e9ral de la population et de l&#8217;habitat au Trarza, M. Hamza Koita, a pr\u00e9sent\u00e9 les \u00e9tapes du recensement au niveau de la Wilaya, indiquant qu&#8217;il sera r\u00e9alis\u00e9 gr\u00e2ce \u00e0 des moyens modernes bas\u00e9s sur la num\u00e9risation.<\/p>\n<p>Il a ajout\u00e9 que le r\u00f4le de l&#8217;Agence nationale de la statistique et de l&#8217;analyse \u00e9conomique et d\u00e9mographique, qui est l&#8217;organisme charg\u00e9 de mettre en \u0153uvre le recensement, joue un r\u00f4le essentiellement technique, soulignant que l\u2019op\u00e9ration est supervis\u00e9e par plusieurs commissions.<\/p>\n<p>Parmi ces commissions vient en premier lieu la commission nationale compos\u00e9e de 13 secteurs minist\u00e9riels dirig\u00e9s par le ministre de l&#8217;\u00c9conomie et du D\u00e9veloppement durable, des comit\u00e9s r\u00e9gionaux dirig\u00e9s par les walis et des commissions des moughataas dirig\u00e9s par les hakems.<\/p>\n<p>La r\u00e9union s&#8217;est d\u00e9roul\u00e9e en pr\u00e9sence du vice-pr\u00e9sident de la r\u00e9gion du Trarza, M. Hemmat Ould Bilal, des hakems, du pr\u00e9sident de l&#8217;Association des maires du Trarza, M. Mohamed Ould Ahmedou, et les chefs des services de s\u00e9curit\u00e9 de la Wilaya.<\/p>\n<\/div>\n<\/div>\n<\/div>\n","protected":false},"excerpt":{"rendered":"<p>Le comit\u00e9 r\u00e9gional du 5\u00e8me Recensement G\u00e9n\u00e9ral de la Population et de l&#8217;Habitation, au niveau du Trarza, a tenu, mardi \u00e0 Rosso, une r\u00e9union pour pr\u00e9parer son plan d\u2019action relatif aux pr\u00e9paratifs du dit recensement. Dans un mot prononc\u00e9 pour la circonstance, le wali du Trarza, M. Mohamed Ould Ahmed Maouloud, a indiqu\u00e9 que cette [&hellip;]<\/p>\n","protected":false},"author":8,"featured_media":233270,"comment_status":"open","ping_status":"open","sticky":false,"template":"","format":"standard","meta":{"footnotes":""},"categories":[63918,63957],"tags":[],"class_list":["post-233269","post","type-post","status-publish","format-standard","has-post-thumbnail","hentry","category-autres","category-fil-dactualite"],"_links":{"self":[{"href":"https:\/\/ami.mr\/fr\/wp-json\/wp\/v2\/posts\/233269","targetHints":{"allow":["GET"]}}],"collection":[{"href":"https:\/\/ami.mr\/fr\/wp-json\/wp\/v2\/posts"}],"about":[{"href":"https:\/\/ami.mr\/fr\/wp-json\/wp\/v2\/types\/post"}],"author":[{"embeddable":true,"href":"https:\/\/ami.mr\/fr\/wp-json\/wp\/v2\/users\/8"}],"replies":[{"embeddable":true,"href":"https:\/\/ami.mr\/fr\/wp-json\/wp\/v2\/comments?post=233269"}],"version-history":[{"count":1,"href":"https:\/\/ami.mr\/fr\/wp-json\/wp\/v2\/posts\/233269\/revisions"}],"predecessor-version":[{"id":233271,"href":"https:\/\/ami.mr\/fr\/wp-json\/wp\/v2\/posts\/233269\/revisions\/233271"}],"wp:featuredmedia":[{"embeddable":true,"href":"https:\/\/ami.mr\/fr\/wp-json\/wp\/v2\/media\/233270"}],"wp:attachment":[{"href":"https:\/\/ami.mr\/fr\/wp-json\/wp\/v2\/media?parent=233269"}],"wp:term":[{"taxonomy":"category","embeddable":true,"href":"https:\/\/ami.mr\/fr\/wp-json\/wp\/v2\/categories?post=233269"},{"taxonomy":"post_tag","embeddable":true,"href":"https:\/\/ami.mr\/fr\/wp-json\/wp\/v2\/tags?post=233269"}],"curies":[{"name":"wp","href":"https:\/\/api.w.org\/{rel}","templated":true}]}}