{"id":233266,"date":"2023-11-07T18:26:01","date_gmt":"2023-11-07T18:26:01","guid":{"rendered":"https:\/\/ami.mr\/fr\/?p=233266"},"modified":"2023-11-07T18:27:05","modified_gmt":"2023-11-07T18:27:05","slug":"atelier-sur-la-promotion-des-investissements-dans-le-domaine-de-lagriculture-et-des-systemes-agricoles","status":"publish","type":"post","link":"https:\/\/ami.mr\/fr\/archives\/233266","title":{"rendered":"Atelier sur la promotion des investissements dans le domaine de l&#8217;agriculture et des syst\u00e8mes agricoles"},"content":{"rendered":"<div class=\"row\"><\/div>\n<div class=\"row\">\n<div class=\"cell auto-size\">\n<div class=\"set-border bd-gray padding10 margin10 no-margin-right no-margin-left \" dir=\"ltr\">\n<p>Le minist\u00e8re des Affaires \u00e9conomiques et du D\u00e9veloppement durable a organis\u00e9 mardi matin \u00e0 Nouakchott un atelier ax\u00e9 sur l&#8217;encouragement des investissements dans l&#8217;agriculture et les syst\u00e8mes agricoles en coop\u00e9ration avec l&#8217;Organisation des Nations Unies pour l&#8217;Alimentation et l&#8217;Agriculture (FAO) et l&#8217;Agence pour l&#8217;emploi des jeunes.<\/p>\n<p>L\u2019atelier a pour objectif de traduire sur le terrain l&#8217;int\u00e9r\u00eat que le gouvernement accorde aux questions agricoles et \u00e0 l&#8217;autosuffisance alimentaire.<\/p>\n<p>Au cours de cet atelier, les participants suivront des expos\u00e9s portant sur l&#8217;introduction du nouveau projet visant \u00e0 acc\u00e9l\u00e9rer les investissements dans le domaine agricole, en plus de l\u2019\u00e9ventualit\u00e9 de cr\u00e9er de nouveaux partenariats.<\/p>\n<p>Il y sera aussi question des moyens propres \u00e0 moderniser les outils de production, \u00e0 soutenir la production agricole et \u00e0 organiser les producteurs de mani\u00e8re qui leur permet de cr\u00e9er des opportunit\u00e9s d\u2019emploi d\u00e9cent tout en respectant les ressources naturelles et en valorisant le patrimoine culturel.<\/p>\n<p>Le directeur g\u00e9n\u00e9ral adjoint charg\u00e9 des strat\u00e9gies et politiques de d\u00e9veloppement au minist\u00e8re des Affaires \u00e9conomiques, M. Abderrahmane Ould Deddi, a d\u00e9clar\u00e9 \u00e0 cette occasion, que la Mauritanie dispose de vastes terres agricoles et de mares superficielles et de nappes souterraines qui constituent des conditions propices aux investissements, dans le secteur mais souffre de quelques obstacles qui l\u2019emp\u00eachent encore de b\u00e9n\u00e9ficier de ces capacit\u00e9s importantes.<\/p>\n<p>Il a ajout\u00e9 que pour r\u00e9duire les effets de ces obstacles, le gouvernement a \u0153uvr\u00e9, avec ses partenaires, pour formuler un plan d&#8217;action national pour promouvoir l&#8217;investissement agricole. C\u2019est ainsi qu\u2019un groupe de travailleurs dans le domaine de l\u2019entreprenariat a \u00e9t\u00e9 form\u00e9 afin de fournir un soutien technique aux PME (petites et moyennes entreprises) cherchant \u00e0 mettre en place des projets de d\u00e9veloppement.<\/p>\n<p>M. Abderrahmane Ould Deddi a indiqu\u00e9 qu&#8217;un programme sera lanc\u00e9 en vue de l&#8217;acc\u00e9l\u00e9ration des investissements soutenu par la coop\u00e9ration allemande d&#8217;ici d\u00e9but 2024.<\/p>\n<p>Pour sa part, le Repr\u00e9sentant r\u00e9sident de la FAO, M. Alexander Hayeen, a expliqu\u00e9 que la r\u00e9alisation de certains des objectifs de l&#8217;Agenda 2030 n\u00e9cessite un investissement d&#8217;un montant de 140 milliards de dollars par an dans les secteurs de l&#8217;agriculture et du d\u00e9veloppement durable afin de fournir de la nourriture \u00e0 la population de diverses communaut\u00e9s fragiles.<\/p>\n<p>Il convient de noter que l&#8217;organisation de cet atelier intervient \u00e0 un moment o\u00f9 le gouvernement mauritanien s&#8217;efforce de d\u00e9velopper ses capacit\u00e9s \u00e9conomiques, dans la perspective de la dynamique g\u00e9n\u00e9rale visant \u00e0 acc\u00e9l\u00e9rer la mise en \u0153uvre des directives de Son Excellence le Pr\u00e9sident de la R\u00e9publique, M. Mohamed Ould Cheikh El Ghazouani.<\/p>\n<\/div>\n<\/div>\n<\/div>\n","protected":false},"excerpt":{"rendered":"<p>Le minist\u00e8re des Affaires \u00e9conomiques et du D\u00e9veloppement durable a organis\u00e9 mardi matin \u00e0 Nouakchott un atelier ax\u00e9 sur l&#8217;encouragement des investissements dans l&#8217;agriculture et les syst\u00e8mes agricoles en coop\u00e9ration avec l&#8217;Organisation des Nations Unies pour l&#8217;Alimentation et l&#8217;Agriculture (FAO) et l&#8217;Agence pour l&#8217;emploi des jeunes. L\u2019atelier a pour objectif de traduire sur le terrain [&hellip;]<\/p>\n","protected":false},"author":8,"featured_media":233267,"comment_status":"open","ping_status":"open","sticky":false,"template":"","format":"standard","meta":{"footnotes":""},"categories":[63918,63957],"tags":[],"class_list":["post-233266","post","type-post","status-publish","format-standard","has-post-thumbnail","hentry","category-autres","category-fil-dactualite"],"_links":{"self":[{"href":"https:\/\/ami.mr\/fr\/wp-json\/wp\/v2\/posts\/233266","targetHints":{"allow":["GET"]}}],"collection":[{"href":"https:\/\/ami.mr\/fr\/wp-json\/wp\/v2\/posts"}],"about":[{"href":"https:\/\/ami.mr\/fr\/wp-json\/wp\/v2\/types\/post"}],"author":[{"embeddable":true,"href":"https:\/\/ami.mr\/fr\/wp-json\/wp\/v2\/users\/8"}],"replies":[{"embeddable":true,"href":"https:\/\/ami.mr\/fr\/wp-json\/wp\/v2\/comments?post=233266"}],"version-history":[{"count":1,"href":"https:\/\/ami.mr\/fr\/wp-json\/wp\/v2\/posts\/233266\/revisions"}],"predecessor-version":[{"id":233268,"href":"https:\/\/ami.mr\/fr\/wp-json\/wp\/v2\/posts\/233266\/revisions\/233268"}],"wp:featuredmedia":[{"embeddable":true,"href":"https:\/\/ami.mr\/fr\/wp-json\/wp\/v2\/media\/233267"}],"wp:attachment":[{"href":"https:\/\/ami.mr\/fr\/wp-json\/wp\/v2\/media?parent=233266"}],"wp:term":[{"taxonomy":"category","embeddable":true,"href":"https:\/\/ami.mr\/fr\/wp-json\/wp\/v2\/categories?post=233266"},{"taxonomy":"post_tag","embeddable":true,"href":"https:\/\/ami.mr\/fr\/wp-json\/wp\/v2\/tags?post=233266"}],"curies":[{"name":"wp","href":"https:\/\/api.w.org\/{rel}","templated":true}]}}