{"id":232790,"date":"2023-10-30T22:13:14","date_gmt":"2023-10-30T22:13:14","guid":{"rendered":"https:\/\/ami.mr\/fr\/?p=232790"},"modified":"2023-10-30T22:13:14","modified_gmt":"2023-10-30T22:13:14","slug":"taazour-lance-des-projets-de-developpement-et-pose-la-premiere-pierre-dautres-a-kiffa","status":"publish","type":"post","link":"https:\/\/ami.mr\/fr\/archives\/232790","title":{"rendered":"Taazour lance des projets de d\u00e9veloppement et pose la premi\u00e8re pierre d\u2019autres \u00e0 Kiffa,"},"content":{"rendered":"<div class=\"row\">\n<div class=\"cell auto-size padding20 no-padding-left no-padding-right no-padding-bottom flex-just-center\">\n<div class=\"bg-green fg-white padding10 margin10 block-shadow-error\"><\/div>\n<\/div>\n<\/div>\n<div class=\"row\">\n<div class=\"cell auto-size\">\n<div class=\"set-border bd-gray padding10 margin10 no-margin-right no-margin-left \" dir=\"ltr\">\n<p>Le D\u00e9l\u00e9gu\u00e9 G\u00e9n\u00e9ral de la Solidarit\u00e9 Nationale et de la Lutte contre l\u2019Exclusion, M. Hamoud Ould Mhamed a supervis\u00e9, lundi, accompagn\u00e9 du wali de l\u2019Assaba, M. Abderrahmane Ould El Hacen, a supervis\u00e9 l\u2019inauguration d\u2019un r\u00e9seau d\u2019eau dans la localit\u00e9 de Zemzem Ehl Baba, dans la commune de Nouamleine, moughataa de Kiffa, et la distribution sommes d\u2019argent \u00e0 un certain nombre de familles d\u00e9munies dans la m\u00eame localit\u00e9, avant de proc\u00e9der \u00e0 la pose de la premi\u00e8re pierre du projet d\u2019\u00e9lectrification de neuf localit\u00e9s dans les zones rurales les plus d\u00e9munies dans quatre wilayas \u00e0 partir de la station de Kiffa.<\/p>\n<p>Le premier jour de sa visite \u00e0 l\u2019Assaba, le D\u00e9l\u00e9gu\u00e9 g\u00e9n\u00e9ral a \u00e9galement supervis\u00e9 \u00e0 Hsey el-Bekay la pose de la premi\u00e8re pierre d\u2019un projet de construction de 40 puits art\u00e9siens au profit \u00e9galement d\u2019un certain nombre de familles pauvres et la distribution de montants en esp\u00e8ces.<\/p>\n<p>Dans un contexte connexe, le D\u00e9l\u00e9gu\u00e9 g\u00e9n\u00e9ral s\u2019est inform\u00e9 sur l\u2019avancement des travaux au niveau des 368 logements en cours de construction dans le cadre du programme Dary mis en \u0153uvre par la D\u00e9l\u00e9gation en vue de fournir un logement ad\u00e9quat aux groupes vuln\u00e9rables et la construction en cours de l\u2019\u00e9cole Saada 2 dans la municipalit\u00e9 de Kiffa.<\/p>\n<p>Dans une d\u00e9claration \u00e0 cette occasion, le D\u00e9l\u00e9gu\u00e9 g\u00e9n\u00e9ral de la Solidarit\u00e9 nationale et de la Lutte contre l\u2019exclusion a d\u00e9clar\u00e9 qu\u2019il serait bon que l\u2019ouverture de sa visite co\u00efncide avec le d\u00e9but du mois de novembre, mois de l\u2019ind\u00e9pendance nationale, qui rev\u00eat une importance particuli\u00e8re pour toutes les nations.<\/p>\n<p>Il a ajout\u00e9 qu\u2019il \u00e9tait venu superviser le lancement de deux projets importants d\u2019une valeur de 4 milliards MRO. Ces projets sont importants pour le d\u00e9veloppement du pays et l\u2019am\u00e9lioration des conditions de vie de la population, importants pour fournir les services n\u00e9cessaires aux populations rurales pauvres qui fait l\u2019objet de recommandations et d\u2019instructions permanentes de Son Excellence le Pr\u00e9sident de la R\u00e9publique, M. Mohammed Ould Cheikh El-Ghazouani. Il a soulign\u00e9 qu\u2019il s\u2019agit d\u2019abord de fournir l\u2019\u00e9lectricit\u00e9 \u00e0 neuf villages, dont trois en Assaba, selon un contrat entre le D\u00e9l\u00e9gation et la SOMELEC, et le second projet, pour \u00e9quiper 40 puits art\u00e9siens dont la moiti\u00e9 dans les villages de l\u2019Assaba.<\/p>\n<p>Il a soulign\u00e9 l\u2019engagement ferme de la d\u00e9l\u00e9gation de continuer \u00e0 \u0153uvrer en faveur de la solidarit\u00e9 nationale et de la lutte contre l\u2019exclusion, o\u00f9 les interventions sont compl\u00e8tes et diversifi\u00e9es et couvrent l\u2019ensemble du mandat \u00e0 un co\u00fbt total de plus de 19 milliards et 600 millions d\u2019Ouguiyas, soulignant \u00e9galement que la solidarit\u00e9 et la lutte contre l\u2019exclusion n\u2019\u00e9taient pas de simples slogans h\u00e9sitants, mais des principes que nous-nous effor\u00e7ons d\u2019atteindre sur le terrain pour le d\u00e9veloppement durable de cette wilaya.<\/p>\n<p>Pour sa part, la vice-pr\u00e9sidente de la r\u00e9gion de l\u2019Assaba, Mme Tahya Mint Bousseif, a souhait\u00e9 la bienvenue \u00e0 tous et appr\u00e9ci\u00e9 cette visite, au cours de laquelle le d\u00e9l\u00e9gu\u00e9 supervisera le lancement d\u2019un certain nombre de projets importants qui touchent les pr\u00e9occupations des citoyens comme l\u2019\u00e9ducation, l\u2019eau, l\u2019agriculture et l\u2019aide sociale, des mesures qui contribueront sans aucun doute \u00e0 am\u00e9liorer les conditions de vie des citoyens des couches fragiles et \u00e0 relever le niveau d\u2019\u00e9ducation.<\/p>\n<p>\u00c0 leur tour, les maires des communes de Kiffa et de Nouamleine, MM. Jamal Ould Keboud et Yahya Ould Taleb Zeidane ont exprim\u00e9 leur satisfaction quant aux r\u00e9alisations au niveau de la wilaya exprimant leurs sinc\u00e8res remerciements \u00e0 Son Excellence Monsieur Mohamed Ould Cheikh El-Ghazouani et au D\u00e9l\u00e9gu\u00e9 g\u00e9n\u00e9ral pour la solidarit\u00e9 nationale et la lutte contre l\u2019exclusion pour ces importants projets.<\/p>\n<\/div>\n<\/div>\n<\/div>\n","protected":false},"excerpt":{"rendered":"<p>Le D\u00e9l\u00e9gu\u00e9 G\u00e9n\u00e9ral de la Solidarit\u00e9 Nationale et de la Lutte contre l\u2019Exclusion, M. Hamoud Ould Mhamed a supervis\u00e9, lundi, accompagn\u00e9 du wali de l\u2019Assaba, M. Abderrahmane Ould El Hacen, a supervis\u00e9 l\u2019inauguration d\u2019un r\u00e9seau d\u2019eau dans la localit\u00e9 de Zemzem Ehl Baba, dans la commune de Nouamleine, moughataa de Kiffa, et la distribution sommes [&hellip;]<\/p>\n","protected":false},"author":18,"featured_media":232791,"comment_status":"open","ping_status":"open","sticky":false,"template":"","format":"standard","meta":{"footnotes":""},"categories":[63918,63919,63957],"tags":[],"class_list":["post-232790","post","type-post","status-publish","format-standard","has-post-thumbnail","hentry","category-autres","category-choix-du-redacteur","category-fil-dactualite"],"_links":{"self":[{"href":"https:\/\/ami.mr\/fr\/wp-json\/wp\/v2\/posts\/232790","targetHints":{"allow":["GET"]}}],"collection":[{"href":"https:\/\/ami.mr\/fr\/wp-json\/wp\/v2\/posts"}],"about":[{"href":"https:\/\/ami.mr\/fr\/wp-json\/wp\/v2\/types\/post"}],"author":[{"embeddable":true,"href":"https:\/\/ami.mr\/fr\/wp-json\/wp\/v2\/users\/18"}],"replies":[{"embeddable":true,"href":"https:\/\/ami.mr\/fr\/wp-json\/wp\/v2\/comments?post=232790"}],"version-history":[{"count":1,"href":"https:\/\/ami.mr\/fr\/wp-json\/wp\/v2\/posts\/232790\/revisions"}],"predecessor-version":[{"id":232792,"href":"https:\/\/ami.mr\/fr\/wp-json\/wp\/v2\/posts\/232790\/revisions\/232792"}],"wp:featuredmedia":[{"embeddable":true,"href":"https:\/\/ami.mr\/fr\/wp-json\/wp\/v2\/media\/232791"}],"wp:attachment":[{"href":"https:\/\/ami.mr\/fr\/wp-json\/wp\/v2\/media?parent=232790"}],"wp:term":[{"taxonomy":"category","embeddable":true,"href":"https:\/\/ami.mr\/fr\/wp-json\/wp\/v2\/categories?post=232790"},{"taxonomy":"post_tag","embeddable":true,"href":"https:\/\/ami.mr\/fr\/wp-json\/wp\/v2\/tags?post=232790"}],"curies":[{"name":"wp","href":"https:\/\/api.w.org\/{rel}","templated":true}]}}