{"id":232756,"date":"2023-10-30T13:43:50","date_gmt":"2023-10-30T13:43:50","guid":{"rendered":"https:\/\/ami.mr\/fr\/?p=232756"},"modified":"2023-10-30T13:43:50","modified_gmt":"2023-10-30T13:43:50","slug":"forum-de-formation-sur-les-litiges-immobiliers","status":"publish","type":"post","link":"https:\/\/ami.mr\/fr\/archives\/232756","title":{"rendered":"Forum de formation sur les litiges immobiliers"},"content":{"rendered":"<p>Le minist\u00e8re de la Justice a organis\u00e9, lundi matin, \u00e0 Nouakchott, un forum de formation des juges exer\u00e7ant dans les juridictions civiles et administratives en mati\u00e8re de contentieux immobilier.<\/p>\n<p>Les participants \u00e0 ce troisi\u00e8me forum du genre, qui durera trois jours, suivront des pr\u00e9sentations et des conf\u00e9rences sur la notion de litige immobilier, les types de litiges qui y sont li\u00e9s \u00e0 la lumi\u00e8re de la jurisprudence de la Cour supr\u00eame et de l&#8217;expropriation pour cause d&#8217;utilit\u00e9 publique.<\/p>\n<p>Le secr\u00e9taire g\u00e9n\u00e9ral du minist\u00e8re de la Justice, M. Mohamed Ould Ahmed Aida, a soulign\u00e9 dans un discours prononc\u00e9 \u00e0 cette occasion que l&#8217;institution judiciaire est consid\u00e9r\u00e9e comme un pilier fondamental de l&#8217;\u00c9tat de droit et un fondement essentiel pour renforcer sa cr\u00e9dibilit\u00e9, en raison de son r\u00f4le dans la protection de la libert\u00e9 et de la s\u00e9curit\u00e9 des citoyens, de la pr\u00e9servation de leurs biens et de la cr\u00e9ation d&#8217;un climat propice pour la paix civile, la stabilit\u00e9 sociale et politique. En plus de cela, elle constitue une garantie pour le d\u00e9veloppement durable et un gage de la confiance des investisseurs tant nationaux qu&#8217;internationaux.<\/p>\n<p>Il a d\u00e9clar\u00e9 que la responsabilit\u00e9 qui incombe au pouvoir judiciaire est \u00e9norme, ce qui fait que le d\u00e9veloppement et la modernisation du syst\u00e8me judiciaire b\u00e9n\u00e9ficient d\u2019une grande attention de la part de Son Excellence M. Mohamed Ould Cheikh El Ghazouani, Pr\u00e9sident de la R\u00e9publique, notant que cet int\u00e9r\u00eat est traduit dans le programme du gouvernement qui a fait de la r\u00e9forme du syst\u00e8me judiciaire un objectif strat\u00e9gique.<\/p>\n<p>M. Mohamed Ould Ahmed Aida a ajout\u00e9 que le minist\u00e8re de la Justice s&#8217;attelle \u00e0 renforcer les capacit\u00e9s de ses ressources humaines, notamment les juges et les greffiers et de les doter des connaissances n\u00e9cessaires leur permettant d&#8217;accompagner le rythme des r\u00e9formes juridiques et judiciaires gr\u00e2ce \u00e0 une formation continue.<\/p>\n<p>La c\u00e9r\u00e9monie d&#8217;ouverture s&#8217;est d\u00e9roul\u00e9e en pr\u00e9sence des secr\u00e9taires g\u00e9n\u00e9raux des minist\u00e8res de l&#8217;\u00c9conomie et du D\u00e9veloppement durable, des Finances, de l\u2019Habitat, de l&#8217;Urbanisme et de l\u2019Am\u00e9nagement du Territoire.<\/p>\n","protected":false},"excerpt":{"rendered":"<p>Le minist\u00e8re de la Justice a organis\u00e9, lundi matin, \u00e0 Nouakchott, un forum de formation des juges exer\u00e7ant dans les juridictions civiles et administratives en mati\u00e8re de contentieux immobilier. Les participants \u00e0 ce troisi\u00e8me forum du genre, qui durera trois jours, suivront des pr\u00e9sentations et des conf\u00e9rences sur la notion de litige immobilier, les types [&hellip;]<\/p>\n","protected":false},"author":2,"featured_media":232757,"comment_status":"open","ping_status":"open","sticky":false,"template":"","format":"standard","meta":{"footnotes":""},"categories":[63918,63957,63959],"tags":[],"class_list":["post-232756","post","type-post","status-publish","format-standard","has-post-thumbnail","hentry","category-autres","category-fil-dactualite","category-mauritanie"],"_links":{"self":[{"href":"https:\/\/ami.mr\/fr\/wp-json\/wp\/v2\/posts\/232756","targetHints":{"allow":["GET"]}}],"collection":[{"href":"https:\/\/ami.mr\/fr\/wp-json\/wp\/v2\/posts"}],"about":[{"href":"https:\/\/ami.mr\/fr\/wp-json\/wp\/v2\/types\/post"}],"author":[{"embeddable":true,"href":"https:\/\/ami.mr\/fr\/wp-json\/wp\/v2\/users\/2"}],"replies":[{"embeddable":true,"href":"https:\/\/ami.mr\/fr\/wp-json\/wp\/v2\/comments?post=232756"}],"version-history":[{"count":1,"href":"https:\/\/ami.mr\/fr\/wp-json\/wp\/v2\/posts\/232756\/revisions"}],"predecessor-version":[{"id":232758,"href":"https:\/\/ami.mr\/fr\/wp-json\/wp\/v2\/posts\/232756\/revisions\/232758"}],"wp:featuredmedia":[{"embeddable":true,"href":"https:\/\/ami.mr\/fr\/wp-json\/wp\/v2\/media\/232757"}],"wp:attachment":[{"href":"https:\/\/ami.mr\/fr\/wp-json\/wp\/v2\/media?parent=232756"}],"wp:term":[{"taxonomy":"category","embeddable":true,"href":"https:\/\/ami.mr\/fr\/wp-json\/wp\/v2\/categories?post=232756"},{"taxonomy":"post_tag","embeddable":true,"href":"https:\/\/ami.mr\/fr\/wp-json\/wp\/v2\/tags?post=232756"}],"curies":[{"name":"wp","href":"https:\/\/api.w.org\/{rel}","templated":true}]}}