{"id":232696,"date":"2023-10-28T13:51:52","date_gmt":"2023-10-28T13:51:52","guid":{"rendered":"https:\/\/ami.mr\/fr\/?p=232696"},"modified":"2023-10-28T13:51:52","modified_gmt":"2023-10-28T13:51:52","slug":"annonce-de-la-date-du-lancement-de-la-troisieme-edition-du-festival-walo-du-trarza","status":"publish","type":"post","link":"https:\/\/ami.mr\/fr\/archives\/232696","title":{"rendered":"Annonce de la date du lancement de la troisi\u00e8me \u00e9dition du Festival \u00abWalo\u00bb du Trarza"},"content":{"rendered":"<p>L&#8217;Association pour la promotion de la langue \u00ab wolof \u00bb a tenu ce samedi matin, dans la salle des r\u00e9unions de la r\u00e9gion de Nouakchott, une conf\u00e9rence de presse au cours de laquelle elle a annonc\u00e9 que les activit\u00e9s de la troisi\u00e8me \u00e9dition du festival du Walo, organis\u00e9 cette ann\u00e9e sous le th\u00e8me : \u00ab Le Walo : rencontre des civilisations, de l&#8217;\u00e9conomie et des relations sociales \u00bb, seront lanc\u00e9es le 2 d\u00e9cembre prochain dans la ville de Rosso.<\/p>\n<p>Le pr\u00e9sident de l&#8217;association, M. Hassan Gary, a expliqu\u00e9 que le festival constitue une opportunit\u00e9 pour les diff\u00e9rentes composantes de la soci\u00e9t\u00e9 mauritanienne de se rencontrer et d&#8217;interagir, notant la participation d&#8217;artistes de toutes les composantes de la soci\u00e9t\u00e9 mauritanienne et de musiciens internationaux, soulignant que ce festival vise \u00e0 renforcer l\u2019unit\u00e9 nationale et \u00e0 mieux dynamiser le dialogue des cultures.<\/p>\n<p>Il a pr\u00e9cis\u00e9 que le festival, qui sera organis\u00e9 les 2, 3 et 4 d\u00e9cembre prochains dans la ville de Rosso, dans la wilaya du Trarza, a pour objectif de rappeler la contribution des hommes et des femmes du \u00abWalo\u00bb \u00e0 la r\u00e9sistance nationale, \u00e0 la construction de l\u2019\u00c9tat mauritanien et \u00e0 la coh\u00e9sion sociale, \u00e9conomique et religieuse.<\/p>\n<p>Il a remerci\u00e9 le gouvernement mauritanien et tous ceux qui ont apport\u00e9 leur soutien \u00e0 la pr\u00e9paration de cette troisi\u00e8me \u00e9dition de ce festival du Walo organis\u00e9 tous les deux ans dans la wilaya du Trarza.<\/p>\n<p>La conf\u00e9rence de presse s&#8217;est d\u00e9roul\u00e9e en pr\u00e9sence de repr\u00e9sentants et de membres de l&#8217;association de la promotion de la langue wolof.<\/p>\n","protected":false},"excerpt":{"rendered":"<p>L&#8217;Association pour la promotion de la langue \u00ab wolof \u00bb a tenu ce samedi matin, dans la salle des r\u00e9unions de la r\u00e9gion de Nouakchott, une conf\u00e9rence de presse au cours de laquelle elle a annonc\u00e9 que les activit\u00e9s de la troisi\u00e8me \u00e9dition du festival du Walo, organis\u00e9 cette ann\u00e9e sous le th\u00e8me : \u00ab [&hellip;]<\/p>\n","protected":false},"author":16,"featured_media":232697,"comment_status":"open","ping_status":"open","sticky":false,"template":"","format":"standard","meta":{"footnotes":""},"categories":[63918,63957,63959],"tags":[],"class_list":["post-232696","post","type-post","status-publish","format-standard","has-post-thumbnail","hentry","category-autres","category-fil-dactualite","category-mauritanie"],"_links":{"self":[{"href":"https:\/\/ami.mr\/fr\/wp-json\/wp\/v2\/posts\/232696","targetHints":{"allow":["GET"]}}],"collection":[{"href":"https:\/\/ami.mr\/fr\/wp-json\/wp\/v2\/posts"}],"about":[{"href":"https:\/\/ami.mr\/fr\/wp-json\/wp\/v2\/types\/post"}],"author":[{"embeddable":true,"href":"https:\/\/ami.mr\/fr\/wp-json\/wp\/v2\/users\/16"}],"replies":[{"embeddable":true,"href":"https:\/\/ami.mr\/fr\/wp-json\/wp\/v2\/comments?post=232696"}],"version-history":[{"count":1,"href":"https:\/\/ami.mr\/fr\/wp-json\/wp\/v2\/posts\/232696\/revisions"}],"predecessor-version":[{"id":232698,"href":"https:\/\/ami.mr\/fr\/wp-json\/wp\/v2\/posts\/232696\/revisions\/232698"}],"wp:featuredmedia":[{"embeddable":true,"href":"https:\/\/ami.mr\/fr\/wp-json\/wp\/v2\/media\/232697"}],"wp:attachment":[{"href":"https:\/\/ami.mr\/fr\/wp-json\/wp\/v2\/media?parent=232696"}],"wp:term":[{"taxonomy":"category","embeddable":true,"href":"https:\/\/ami.mr\/fr\/wp-json\/wp\/v2\/categories?post=232696"},{"taxonomy":"post_tag","embeddable":true,"href":"https:\/\/ami.mr\/fr\/wp-json\/wp\/v2\/tags?post=232696"}],"curies":[{"name":"wp","href":"https:\/\/api.w.org\/{rel}","templated":true}]}}