{"id":232693,"date":"2023-10-28T12:55:32","date_gmt":"2023-10-28T12:55:32","guid":{"rendered":"https:\/\/ami.mr\/fr\/?p=232693"},"modified":"2023-10-30T13:12:46","modified_gmt":"2023-10-30T13:12:46","slug":"le-president-de-la-republique-felicite-son-homologue-turc-7","status":"publish","type":"post","link":"https:\/\/ami.mr\/fr\/archives\/232693","title":{"rendered":"Le Pr\u00e9sident de la R\u00e9publique f\u00e9licite son homologue turc"},"content":{"rendered":"<p>Son Excellence le Pr\u00e9sident de la R\u00e9publique, M. Mohamed Ould Cheikh El Ghazouani, a adress\u00e9, samedi, le message de f\u00e9licitations qui suit \u00e0 son homologue turc, Son Excellence le Pr\u00e9sident Recep Tayyip Erdogan \u00e0 l\u2019occasion de la f\u00eate nationale de son pays :<\/p>\n<p>\u00abExcellence et Cher fr\u00e8re,<\/p>\n<p>A l\u2019occasion de la c\u00e9l\u00e9bration de la f\u00eate nationale de votre pays, il m\u2019est agr\u00e9able d\u2019exprimer \u00e0 votre Excellence mes chaleureuses f\u00e9licitations et de souhaiter au peuple turc fr\u00e8re davantage de progr\u00e8s et de prosp\u00e9rit\u00e9.<\/p>\n<p>Je vous r\u00e9it\u00e8re \u00e9galement notre volont\u00e9 de poursuivre les efforts visant le renforcement et le d\u00e9veloppement des relations de coop\u00e9ration existant entre nos deux pays dans l\u2019int\u00e9r\u00eat de nos deux peuples fr\u00e8res.<\/p>\n<p>Veuillez agr\u00e9er, Excellence Monsieur le Pr\u00e9sident et Cher fr\u00e8re, l\u2019expression de notre tr\u00e8s haute consid\u00e9ration.<\/p>\n<p>Mohamed Ould Cheikh El Ghazouani\u00bb.<\/p>\n","protected":false},"excerpt":{"rendered":"<p>Son Excellence le Pr\u00e9sident de la R\u00e9publique, M. Mohamed Ould Cheikh El Ghazouani, a adress\u00e9, samedi, le message de f\u00e9licitations qui suit \u00e0 son homologue turc, Son Excellence le Pr\u00e9sident Recep Tayyip Erdogan \u00e0 l\u2019occasion de la f\u00eate nationale de son pays : \u00abExcellence et Cher fr\u00e8re, A l\u2019occasion de la c\u00e9l\u00e9bration de la f\u00eate [&hellip;]<\/p>\n","protected":false},"author":16,"featured_media":232694,"comment_status":"open","ping_status":"open","sticky":false,"template":"","format":"standard","meta":{"footnotes":""},"categories":[63919,63957,25,63921,63926],"tags":[],"class_list":["post-232693","post","type-post","status-publish","format-standard","has-post-thumbnail","hentry","category-choix-du-redacteur","category-fil-dactualite","category-25","category-slider-afficher","category-slider-general"],"_links":{"self":[{"href":"https:\/\/ami.mr\/fr\/wp-json\/wp\/v2\/posts\/232693","targetHints":{"allow":["GET"]}}],"collection":[{"href":"https:\/\/ami.mr\/fr\/wp-json\/wp\/v2\/posts"}],"about":[{"href":"https:\/\/ami.mr\/fr\/wp-json\/wp\/v2\/types\/post"}],"author":[{"embeddable":true,"href":"https:\/\/ami.mr\/fr\/wp-json\/wp\/v2\/users\/16"}],"replies":[{"embeddable":true,"href":"https:\/\/ami.mr\/fr\/wp-json\/wp\/v2\/comments?post=232693"}],"version-history":[{"count":1,"href":"https:\/\/ami.mr\/fr\/wp-json\/wp\/v2\/posts\/232693\/revisions"}],"predecessor-version":[{"id":232695,"href":"https:\/\/ami.mr\/fr\/wp-json\/wp\/v2\/posts\/232693\/revisions\/232695"}],"wp:featuredmedia":[{"embeddable":true,"href":"https:\/\/ami.mr\/fr\/wp-json\/wp\/v2\/media\/232694"}],"wp:attachment":[{"href":"https:\/\/ami.mr\/fr\/wp-json\/wp\/v2\/media?parent=232693"}],"wp:term":[{"taxonomy":"category","embeddable":true,"href":"https:\/\/ami.mr\/fr\/wp-json\/wp\/v2\/categories?post=232693"},{"taxonomy":"post_tag","embeddable":true,"href":"https:\/\/ami.mr\/fr\/wp-json\/wp\/v2\/tags?post=232693"}],"curies":[{"name":"wp","href":"https:\/\/api.w.org\/{rel}","templated":true}]}}