{"id":232200,"date":"2023-10-21T19:07:22","date_gmt":"2023-10-21T19:07:22","guid":{"rendered":"https:\/\/ami.mr\/fr\/?p=232200"},"modified":"2023-10-21T19:07:22","modified_gmt":"2023-10-21T19:07:22","slug":"la-mauritanie-participe-aux-travaux-de-la-36eme-session-du-conseil-des-ministres-arabes-des-transports","status":"publish","type":"post","link":"https:\/\/ami.mr\/fr\/archives\/232200","title":{"rendered":"La Mauritanie participe aux travaux de la 36eme session du conseil des ministres arabes des transports"},"content":{"rendered":"<div class=\"row\"><\/div>\n<div class=\"row\">\n<div class=\"cell auto-size\">\n<div class=\"set-border bd-gray padding10 margin10 no-margin-right no-margin-left \" dir=\"ltr\">\n<p>Le ministre de l&#8217;Equipement et des Transports, M. Mohamed Aly Ould Sidi Mohamed a quitt\u00e9 Nouakchott samedi \u00e0 destination de la R\u00e9publique Arabe d&#8217;Egypte pour participer aux travaux de la 36eme session du conseil des ministres arabes des transports pr\u00e9vue les 23 et 24 octobre dans la ville d&#8217;Alexandrie.<\/p>\n<p>En marge de la session du conseil des ministres arabes des transports, le ministre pr\u00e9sidera la 28eme session de l&#8217;Assembl\u00e9e g\u00e9n\u00e9rale de l&#8217;Acad\u00e9mie arabe pour les sciences, la technologie et le transports maritime au niveau minist\u00e9riel.<\/p>\n<p>Il participera \u00e9galement les 25 et 26 octobre \u00e0 la 4eme session du forum arabo-chinois de la navigation par le biais des satellites .<\/p>\n<p>Au cours de ce voyage, le ministre est accompagn\u00e9 de son conseiller technique pour le transport a\u00e9rien, M. Mohamed Ould Hdhana.<\/p>\n<\/div>\n<\/div>\n<\/div>\n","protected":false},"excerpt":{"rendered":"<p>Le ministre de l&#8217;Equipement et des Transports, M. Mohamed Aly Ould Sidi Mohamed a quitt\u00e9 Nouakchott samedi \u00e0 destination de la R\u00e9publique Arabe d&#8217;Egypte pour participer aux travaux de la 36eme session du conseil des ministres arabes des transports pr\u00e9vue les 23 et 24 octobre dans la ville d&#8217;Alexandrie. En marge de la session du [&hellip;]<\/p>\n","protected":false},"author":8,"featured_media":232201,"comment_status":"open","ping_status":"open","sticky":false,"template":"","format":"standard","meta":{"footnotes":""},"categories":[63918,63957],"tags":[],"class_list":["post-232200","post","type-post","status-publish","format-standard","has-post-thumbnail","hentry","category-autres","category-fil-dactualite"],"_links":{"self":[{"href":"https:\/\/ami.mr\/fr\/wp-json\/wp\/v2\/posts\/232200","targetHints":{"allow":["GET"]}}],"collection":[{"href":"https:\/\/ami.mr\/fr\/wp-json\/wp\/v2\/posts"}],"about":[{"href":"https:\/\/ami.mr\/fr\/wp-json\/wp\/v2\/types\/post"}],"author":[{"embeddable":true,"href":"https:\/\/ami.mr\/fr\/wp-json\/wp\/v2\/users\/8"}],"replies":[{"embeddable":true,"href":"https:\/\/ami.mr\/fr\/wp-json\/wp\/v2\/comments?post=232200"}],"version-history":[{"count":1,"href":"https:\/\/ami.mr\/fr\/wp-json\/wp\/v2\/posts\/232200\/revisions"}],"predecessor-version":[{"id":232202,"href":"https:\/\/ami.mr\/fr\/wp-json\/wp\/v2\/posts\/232200\/revisions\/232202"}],"wp:featuredmedia":[{"embeddable":true,"href":"https:\/\/ami.mr\/fr\/wp-json\/wp\/v2\/media\/232201"}],"wp:attachment":[{"href":"https:\/\/ami.mr\/fr\/wp-json\/wp\/v2\/media?parent=232200"}],"wp:term":[{"taxonomy":"category","embeddable":true,"href":"https:\/\/ami.mr\/fr\/wp-json\/wp\/v2\/categories?post=232200"},{"taxonomy":"post_tag","embeddable":true,"href":"https:\/\/ami.mr\/fr\/wp-json\/wp\/v2\/tags?post=232200"}],"curies":[{"name":"wp","href":"https:\/\/api.w.org\/{rel}","templated":true}]}}