{"id":232197,"date":"2023-10-21T18:23:04","date_gmt":"2023-10-21T18:23:04","guid":{"rendered":"https:\/\/ami.mr\/fr\/?p=232197"},"modified":"2023-10-21T18:23:04","modified_gmt":"2023-10-21T18:23:04","slug":"le-ministre-de-lagriculture-regagne-nouakchott-en-provenance-de-letat-des-emirats-arabes-unis","status":"publish","type":"post","link":"https:\/\/ami.mr\/fr\/archives\/232197","title":{"rendered":"Le ministre de l&#8217;Agriculture regagne Nouakchott en provenance de l&#8217;Etat des Emirats arabes unis"},"content":{"rendered":"<div class=\"row\">\n<div class=\"cell auto-size bd-gray\" dir=\"ltr\"><\/div>\n<\/div>\n<div class=\"row\">\n<div class=\"cell auto-size\">\n<div class=\"set-border bd-gray padding10 margin10 no-margin-right no-margin-left \" dir=\"ltr\">\n<p>Le ministre de l&#8217;Agriculture, M. Memm\u00e9 Beybat Hamahoulah, a regagn\u00e9 Nouakchott, samedi, en provenance de l&#8217;Etat des Emirats arabes unis apr\u00e8s avoir particip\u00e9 aux travaux du huiti\u00e8me congr\u00e8s international pour l&#8217; investissement tenu \u00e0 Abu Dhabi du 16 au 20 octobre .<\/p>\n<p>Au cours de ce congr\u00e8s, le ministre a pr\u00e9sid\u00e9 une r\u00e9union de haut niveau organis\u00e9e par la FAO qui a port\u00e9 sur sur tous les sujets relatifs \u00e0 l&#8217;investissement dans les syst\u00e8mes agroalimentaires.<\/p>\n<p>Il a aussi assist\u00e9, en compagnie de notre ambassadeur dans l&#8217;Etat des Emirats arabes unis, \u00e0 la r\u00e9union pr\u00e9sid\u00e9e par notre ministre du Commerce, de l&#8217;Industrie et du tourisme organis\u00e9e par l&#8217;Agence de promotion de l&#8217;investissement en Mauritanie.<\/p>\n<p>Au cours de cette r\u00e9union, les opportunit\u00e9s d&#8217;investissement en Mauritanie ont \u00e9t\u00e9 expos\u00e9es de m\u00eame que les efforts men\u00e9s par les hautes autorit\u00e9s du pays pour l&#8217;am\u00e9lioration du climat g\u00e9n\u00e9ral d&#8217;investissement et dans le domaine des projets prometteurs en cours de pr\u00e9paration ou de r\u00e9alisation et des diff\u00e9rentes incitations accord\u00e9s aux investisseurs.<\/p>\n<p>En marge de cette rencontre, le ministre a eu des entretiens avec certains partenaires au d\u00e9veloppement et des investisseurs s&#8217;int\u00e9ressant au secteur de l&#8217;agriculture.<\/p>\n<p>Au cours de ce voyage, le ministre \u00e9tait accompagn\u00e9 du directeur de la planification, de la coop\u00e9ration, du suivi et de l&#8217;\u00e9valuation au sein du secteur de l&#8217;agriculture, M. Abdallahi Baba Zeyad.<\/p>\n<\/div>\n<\/div>\n<\/div>\n","protected":false},"excerpt":{"rendered":"<p>Le ministre de l&#8217;Agriculture, M. Memm\u00e9 Beybat Hamahoulah, a regagn\u00e9 Nouakchott, samedi, en provenance de l&#8217;Etat des Emirats arabes unis apr\u00e8s avoir particip\u00e9 aux travaux du huiti\u00e8me congr\u00e8s international pour l&#8217; investissement tenu \u00e0 Abu Dhabi du 16 au 20 octobre . Au cours de ce congr\u00e8s, le ministre a pr\u00e9sid\u00e9 une r\u00e9union de haut [&hellip;]<\/p>\n","protected":false},"author":8,"featured_media":232198,"comment_status":"open","ping_status":"open","sticky":false,"template":"","format":"standard","meta":{"footnotes":""},"categories":[63918,63957],"tags":[],"class_list":["post-232197","post","type-post","status-publish","format-standard","has-post-thumbnail","hentry","category-autres","category-fil-dactualite"],"_links":{"self":[{"href":"https:\/\/ami.mr\/fr\/wp-json\/wp\/v2\/posts\/232197","targetHints":{"allow":["GET"]}}],"collection":[{"href":"https:\/\/ami.mr\/fr\/wp-json\/wp\/v2\/posts"}],"about":[{"href":"https:\/\/ami.mr\/fr\/wp-json\/wp\/v2\/types\/post"}],"author":[{"embeddable":true,"href":"https:\/\/ami.mr\/fr\/wp-json\/wp\/v2\/users\/8"}],"replies":[{"embeddable":true,"href":"https:\/\/ami.mr\/fr\/wp-json\/wp\/v2\/comments?post=232197"}],"version-history":[{"count":1,"href":"https:\/\/ami.mr\/fr\/wp-json\/wp\/v2\/posts\/232197\/revisions"}],"predecessor-version":[{"id":232199,"href":"https:\/\/ami.mr\/fr\/wp-json\/wp\/v2\/posts\/232197\/revisions\/232199"}],"wp:featuredmedia":[{"embeddable":true,"href":"https:\/\/ami.mr\/fr\/wp-json\/wp\/v2\/media\/232198"}],"wp:attachment":[{"href":"https:\/\/ami.mr\/fr\/wp-json\/wp\/v2\/media?parent=232197"}],"wp:term":[{"taxonomy":"category","embeddable":true,"href":"https:\/\/ami.mr\/fr\/wp-json\/wp\/v2\/categories?post=232197"},{"taxonomy":"post_tag","embeddable":true,"href":"https:\/\/ami.mr\/fr\/wp-json\/wp\/v2\/tags?post=232197"}],"curies":[{"name":"wp","href":"https:\/\/api.w.org\/{rel}","templated":true}]}}