{"id":232194,"date":"2023-10-21T17:18:12","date_gmt":"2023-10-21T17:18:12","guid":{"rendered":"https:\/\/ami.mr\/fr\/?p=232194"},"modified":"2023-10-21T17:18:12","modified_gmt":"2023-10-21T17:18:12","slug":"le-president-de-la-republique-quitte-la-capitale-egyptienne-a-destination-de-nouakchott","status":"publish","type":"post","link":"https:\/\/ami.mr\/fr\/archives\/232194","title":{"rendered":"Le Pr\u00e9sident de la R\u00e9publique quitte la capitale \u00e9gyptienne \u00e0 destination de Nouakchott"},"content":{"rendered":"<div class=\"row\"><\/div>\n<div class=\"row\">\n<div class=\"cell auto-size\">\n<div class=\"set-border bd-gray padding10 margin10 no-margin-right no-margin-left \" dir=\"ltr\">\n<p>Le Pr\u00e9sident de la R\u00e9publique, Son Excellence Monsieur Mohamed Ould Cheikh El Ghazouani a quitt\u00e9 la capitale \u00e9gyptienne apr\u00e8s avoir particip\u00e9 au sommet du Caire pour la paix qui a \u00e9t\u00e9 consacr\u00e9e \u00e0 la discussion se la question de la baisse de l&#8217;escalade dans la bande de Gaza et les territoires palestiniens occup\u00e9s.<\/p>\n<p>Le Pr\u00e9sident de la R\u00e9publique a \u00e9t\u00e9 salu\u00e9 \u00e0 son d\u00e9part de l&#8217;a\u00e9roport par Dr Khaled Abdel Ghafar, ministre \u00e9gyptien de la sant\u00e9 et de la population , notre ambassadeur au Caire, SEM. El Houssein Deih et les membres de notre mission diplomatique en R\u00e9publique Arabe d&#8217;Egypte.<\/p>\n<p>Le Pr\u00e9sident de la R\u00e9publique avait prononc\u00e9 un discours \u00e0 l&#8217;ouverture du sommet du Caire pour la paix dans lequel il a affirm\u00e9 que la situation actuelle dans la Bande de Gaza est catastrophique \u00e0 tous les \u00e9gards et que la destruction, l&#8217;embargo et les crimes criants contre l&#8217;humanit\u00e9 comme le bombardement de l&#8217;h\u00f4pital El Maamedani sont contraires \u00e0 l&#8217;ensemble des valeurs et principes, estimant qu&#8217;il est temps que tous soient convaincus que personne dans la r\u00e9gion ne b\u00e9n\u00e9ficiera de la paix et de la s\u00e9curit\u00e9 permanentes tant que les autres n&#8217;ont pas b\u00e9n\u00e9fici\u00e9 de cela et que la paix et la s\u00e9curit\u00e9 ne peuvent \u00eatre obtenus par une victoire dans une guerre, car leur durabilit\u00e9 est conditionn\u00e9e par le fait que tous en b\u00e9n\u00e9ficient.<\/p>\n<p>Le Pr\u00e9sident de la R\u00e9publique a exprim\u00e9 l&#8217;espoir de voir ce sommet contribuer \u00e0 l&#8217;acc\u00e9l\u00e9ration de la maitrise de la situation catastrophique dans la bande de Gaza et \u00e0 l&#8217;orientation vers la cr\u00e9ation des deux \u00e9tats.<\/p>\n<p>Au cours de ce voyage, le Pr\u00e9sident de la R\u00e9publique est accompagn\u00e9 d&#8217;une importante d\u00e9l\u00e9gation comprenant MM.:<\/p>\n<p>&#8211; Moctar Ould Diay, ministre charg\u00e9 du cabinet du Pr\u00e9sident de la R\u00e9publique<\/p>\n<p>&#8211; El Houssein Ould Deih, ambassadeur de la R\u00e9publique Islamique de Mauritanie au Caire<\/p>\n<p>&#8211; Ahmed Ould Bahini, charg\u00e9 de mission \u00e0 la Pr\u00e9sidence de la R\u00e9publique<\/p>\n<p>&#8211; Saleh Ould Dehmach, charg\u00e9 de mission \u00e0 la Pr\u00e9sidence de la R\u00e9publique<\/p>\n<p>&#8211; El Hacen Ould Ahmed, directeur g\u00e9n\u00e9ral du protocole de l&#8217;Etat.<\/p>\n<\/div>\n<\/div>\n<\/div>\n","protected":false},"excerpt":{"rendered":"<p>Le Pr\u00e9sident de la R\u00e9publique, Son Excellence Monsieur Mohamed Ould Cheikh El Ghazouani a quitt\u00e9 la capitale \u00e9gyptienne apr\u00e8s avoir particip\u00e9 au sommet du Caire pour la paix qui a \u00e9t\u00e9 consacr\u00e9e \u00e0 la discussion se la question de la baisse de l&#8217;escalade dans la bande de Gaza et les territoires palestiniens occup\u00e9s. Le Pr\u00e9sident [&hellip;]<\/p>\n","protected":false},"author":8,"featured_media":232195,"comment_status":"open","ping_status":"open","sticky":false,"template":"","format":"standard","meta":{"footnotes":""},"categories":[63957,25,63921,63926],"tags":[],"class_list":["post-232194","post","type-post","status-publish","format-standard","has-post-thumbnail","hentry","category-fil-dactualite","category-25","category-slider-afficher","category-slider-general"],"_links":{"self":[{"href":"https:\/\/ami.mr\/fr\/wp-json\/wp\/v2\/posts\/232194","targetHints":{"allow":["GET"]}}],"collection":[{"href":"https:\/\/ami.mr\/fr\/wp-json\/wp\/v2\/posts"}],"about":[{"href":"https:\/\/ami.mr\/fr\/wp-json\/wp\/v2\/types\/post"}],"author":[{"embeddable":true,"href":"https:\/\/ami.mr\/fr\/wp-json\/wp\/v2\/users\/8"}],"replies":[{"embeddable":true,"href":"https:\/\/ami.mr\/fr\/wp-json\/wp\/v2\/comments?post=232194"}],"version-history":[{"count":1,"href":"https:\/\/ami.mr\/fr\/wp-json\/wp\/v2\/posts\/232194\/revisions"}],"predecessor-version":[{"id":232196,"href":"https:\/\/ami.mr\/fr\/wp-json\/wp\/v2\/posts\/232194\/revisions\/232196"}],"wp:featuredmedia":[{"embeddable":true,"href":"https:\/\/ami.mr\/fr\/wp-json\/wp\/v2\/media\/232195"}],"wp:attachment":[{"href":"https:\/\/ami.mr\/fr\/wp-json\/wp\/v2\/media?parent=232194"}],"wp:term":[{"taxonomy":"category","embeddable":true,"href":"https:\/\/ami.mr\/fr\/wp-json\/wp\/v2\/categories?post=232194"},{"taxonomy":"post_tag","embeddable":true,"href":"https:\/\/ami.mr\/fr\/wp-json\/wp\/v2\/tags?post=232194"}],"curies":[{"name":"wp","href":"https:\/\/api.w.org\/{rel}","templated":true}]}}