{"id":232191,"date":"2023-10-21T14:52:16","date_gmt":"2023-10-21T14:52:16","guid":{"rendered":"https:\/\/ami.mr\/fr\/?p=232191"},"modified":"2023-10-21T14:52:16","modified_gmt":"2023-10-21T14:52:16","slug":"ouverture-des-travaux-de-la-cinquieme-conference-internationale-sur-la-pensee-linnovation-et-la-recherche-scientifique","status":"publish","type":"post","link":"https:\/\/ami.mr\/fr\/archives\/232191","title":{"rendered":"Ouverture des travaux de la cinqui\u00e8me Conf\u00e9rence internationale sur la pens\u00e9e, l\u2019innovation et la recherche scientifique"},"content":{"rendered":"<p>Les travaux de la cinqui\u00e8me conf\u00e9rence internationale sur la pens\u00e9e, la cr\u00e9ativit\u00e9 et la recherche scientifique, organis\u00e9e par l&#8217;Union des penseurs et cr\u00e9ateurs mauritaniens, ont d\u00e9but\u00e9 aujourd&#8217;hui, samedi, \u00e0 Nouakchott sous le th\u00e8me : \u00ab Comp\u00e9tences scientifiques entre la n\u00e9gligence et les contraintes de l\u2019immigration \u00bb.<\/p>\n<p>Cette conf\u00e9rence de trois jours vise \u00e0 pr\u00e9senter la pens\u00e9e, l\u2019innovation et la production intellectuelle locale, en plus de valoriser la recherche scientifique et de souligner son r\u00f4le dans le d\u00e9veloppement de l&#8217;enseignement et de la gestion des \u00e9difices publics, et son impact sur l&#8217;am\u00e9lioration des services. Les activit\u00e9s de cette conf\u00e9rence comprennent des pr\u00e9sentations sur plusieurs sujets, dont la pens\u00e9e et l\u2019innovation, la recherche scientifique entre innovation et fuite des cerveaux, ainsi que la production intellectuelle et son impact sur les soci\u00e9t\u00e9s arabes.<\/p>\n<p>La conf\u00e9rence a \u00e9galement vu des expos\u00e9s pr\u00e9sent\u00e9 par des chercheurs sp\u00e9cialis\u00e9s dans diverses disciplines scientifiques, culturelles et litt\u00e9raires, et l\u2019attribution de prix aux m\u00e9ritants des facult\u00e9s.<\/p>\n<p>Le conseiller du ministre de la Culture, de la Jeunesse et des Sports, charg\u00e9 de la jeunesse et de la promotion, M. Moustapha Ould Yembab, a soulign\u00e9 que l\u2019innovation contribue \u00e0 am\u00e9liorer le processus de la production, indiquant que le d\u00e9partement de la culture a \u0153uvr\u00e9 \u00e0 l\u2019encouragement de la cr\u00e9ativit\u00e9 dans les domaines scientifiques, culturels, litt\u00e9raires et autres.<\/p>\n<p>Il a \u00e9galement salu\u00e9 le r\u00f4le jou\u00e9 par l&#8217;Union des penseurs et innovateurs mauritaniens dans ce domaine.<\/p>\n<p>Pour sa part, le pr\u00e9sident de l&#8217;Union des penseurs et innovateurs mauritaniens, M. Mohamed Ould Sidi Mohamed, a indiqu\u00e9 que cette cinqui\u00e8me conf\u00e9rence s&#8217;inscrit dans le cadre des d\u00e9bats sur la pens\u00e9e scientifique et l\u2019innovation, indiquant que la cr\u00e9ativit\u00e9 a permis de tout temps aux humains de s\u2019adapter aux conditions environnementales en perp\u00e9tuel changement.<\/p>\n<p>Il a ajout\u00e9 que la conf\u00e9rence se d\u00e9roule en collaboration avec les autorit\u00e9s concern\u00e9es pour attirer les esprits et les comp\u00e9tences, les ramener dans leur pays et b\u00e9n\u00e9ficier de leur exp\u00e9rience afin de faire avancer la roue du progr\u00e8s et de la construction.<\/p>\n<p>L&#8217;ouverture de la conf\u00e9rence s&#8217;est d\u00e9roul\u00e9e en pr\u00e9sence d&#8217;un certain nombre de professeurs d&#8217;universit\u00e9 et d&#8217;un groupe d&#8217;intellectuels.<\/p>\n","protected":false},"excerpt":{"rendered":"<p>Les travaux de la cinqui\u00e8me conf\u00e9rence internationale sur la pens\u00e9e, la cr\u00e9ativit\u00e9 et la recherche scientifique, organis\u00e9e par l&#8217;Union des penseurs et cr\u00e9ateurs mauritaniens, ont d\u00e9but\u00e9 aujourd&#8217;hui, samedi, \u00e0 Nouakchott sous le th\u00e8me : \u00ab Comp\u00e9tences scientifiques entre la n\u00e9gligence et les contraintes de l\u2019immigration \u00bb. Cette conf\u00e9rence de trois jours vise \u00e0 pr\u00e9senter la [&hellip;]<\/p>\n","protected":false},"author":5,"featured_media":232192,"comment_status":"open","ping_status":"open","sticky":false,"template":"","format":"standard","meta":{"footnotes":""},"categories":[63918,63957,63959,63924],"tags":[],"class_list":["post-232191","post","type-post","status-publish","format-standard","has-post-thumbnail","hentry","category-autres","category-fil-dactualite","category-mauritanie","category-slider-culture"],"_links":{"self":[{"href":"https:\/\/ami.mr\/fr\/wp-json\/wp\/v2\/posts\/232191","targetHints":{"allow":["GET"]}}],"collection":[{"href":"https:\/\/ami.mr\/fr\/wp-json\/wp\/v2\/posts"}],"about":[{"href":"https:\/\/ami.mr\/fr\/wp-json\/wp\/v2\/types\/post"}],"author":[{"embeddable":true,"href":"https:\/\/ami.mr\/fr\/wp-json\/wp\/v2\/users\/5"}],"replies":[{"embeddable":true,"href":"https:\/\/ami.mr\/fr\/wp-json\/wp\/v2\/comments?post=232191"}],"version-history":[{"count":1,"href":"https:\/\/ami.mr\/fr\/wp-json\/wp\/v2\/posts\/232191\/revisions"}],"predecessor-version":[{"id":232193,"href":"https:\/\/ami.mr\/fr\/wp-json\/wp\/v2\/posts\/232191\/revisions\/232193"}],"wp:featuredmedia":[{"embeddable":true,"href":"https:\/\/ami.mr\/fr\/wp-json\/wp\/v2\/media\/232192"}],"wp:attachment":[{"href":"https:\/\/ami.mr\/fr\/wp-json\/wp\/v2\/media?parent=232191"}],"wp:term":[{"taxonomy":"category","embeddable":true,"href":"https:\/\/ami.mr\/fr\/wp-json\/wp\/v2\/categories?post=232191"},{"taxonomy":"post_tag","embeddable":true,"href":"https:\/\/ami.mr\/fr\/wp-json\/wp\/v2\/tags?post=232191"}],"curies":[{"name":"wp","href":"https:\/\/api.w.org\/{rel}","templated":true}]}}