{"id":232185,"date":"2023-10-21T12:43:39","date_gmt":"2023-10-21T12:43:39","guid":{"rendered":"https:\/\/ami.mr\/fr\/?p=232185"},"modified":"2023-10-21T12:43:39","modified_gmt":"2023-10-21T12:43:39","slug":"le-president-de-la-republique-assiste-a-louverture-du-sommet-de-la-paix-du-caire","status":"publish","type":"post","link":"https:\/\/ami.mr\/fr\/archives\/232185","title":{"rendered":"Le Pr\u00e9sident de la R\u00e9publique assiste \u00e0 l&#8217;ouverture du Sommet de la Paix du Caire"},"content":{"rendered":"<p>Son Excellence le Pr\u00e9sident de la R\u00e9publique, M. Mohamed Ould Cheikh El Ghazouani, a particip\u00e9, aujourd&#8217;hui samedi \u00e0 la c\u00e9r\u00e9monie d\u2019ouverture du Sommet de la paix du Caire (\u00c9gypte) consacr\u00e9 \u00e0 la d\u00e9sescalade dans la bande de Gaza et dans les territoires palestiniens occup\u00e9s.<\/p>\n<p>Dans son discours au sommet, Son Excellence le Pr\u00e9sident de la R\u00e9publique a exprim\u00e9 ses sinc\u00e8res remerciements \u00e0 Son Excellence le Pr\u00e9sident Abdel Fattah El-Sissi pour sa pr\u00e9cieuse initiative de convoquer ce sommet en r\u00e9ponse aux circonstances exceptionnelles que traversent la bande de Gaza et pour leurs r\u00e9percussions destructrices sur la r\u00e9gion, aujourd&#8217;hui comme demain.<\/p>\n<p>Au menu de sommet, auquel participent 31 pays, 3 organisations internationales et un certain nombre de dirigeants mondiaux, dont le secr\u00e9taire g\u00e9n\u00e9ral des Nations Unies, figurent la discussion des derniers d\u00e9veloppements dans les territoires palestiniens occup\u00e9s, les racines du conflit entre les Palestiniens et Isra\u00e9liens et la volont\u00e9 d&#8217;activer le processus de paix au Moyen-Orient afin de trouver un r\u00e8glement urgent et global \u00e0 ce conflit qui dure depuis des d\u00e9cennies, conform\u00e9ment au principe de la solution \u00e0 deux \u00c9tats et \u00e0 l&#8217;Initiative de paix arabe adopt\u00e9e par le Sommet de Beyrouth en 2002.<\/p>\n<p>Son Excellence le Pr\u00e9sident de la R\u00e9publique est accompagn\u00e9 durant ce d\u00e9placement par une importante d\u00e9l\u00e9gation comprenant MM :<\/p>\n<p>&#8211; Moctar Ould Njay, ministre charg\u00e9 de cabinet du Pr\u00e9sident de la R\u00e9publique ;<\/p>\n<p>&#8211; El Houssein Ould Deh, ambassadeur de la R\u00e9publique islamique de Mauritanie au Caire ;<\/p>\n<p>&#8211; Ahmed Ould Bahini, charg\u00e9 de mission \u00e0 la pr\u00e9sidence de la R\u00e9publique ;<\/p>\n<p>&#8211; Saleh Ould Dehmach, charg\u00e9 de mission \u00e0 la pr\u00e9sidence de la R\u00e9publique;<\/p>\n<p>&#8211; El Hacen Ould Ahmed, Directeur g\u00e9n\u00e9ral du protocole d\u2019Etat.<\/p>\n","protected":false},"excerpt":{"rendered":"<p>Son Excellence le Pr\u00e9sident de la R\u00e9publique, M. Mohamed Ould Cheikh El Ghazouani, a particip\u00e9, aujourd&#8217;hui samedi \u00e0 la c\u00e9r\u00e9monie d\u2019ouverture du Sommet de la paix du Caire (\u00c9gypte) consacr\u00e9 \u00e0 la d\u00e9sescalade dans la bande de Gaza et dans les territoires palestiniens occup\u00e9s. Dans son discours au sommet, Son Excellence le Pr\u00e9sident de la [&hellip;]<\/p>\n","protected":false},"author":5,"featured_media":232186,"comment_status":"open","ping_status":"open","sticky":false,"template":"","format":"standard","meta":{"footnotes":""},"categories":[63957,63959,63921,63926,63927],"tags":[],"class_list":["post-232185","post","type-post","status-publish","format-standard","has-post-thumbnail","hentry","category-fil-dactualite","category-mauritanie","category-slider-afficher","category-slider-general","category-slider-mauritanie"],"_links":{"self":[{"href":"https:\/\/ami.mr\/fr\/wp-json\/wp\/v2\/posts\/232185","targetHints":{"allow":["GET"]}}],"collection":[{"href":"https:\/\/ami.mr\/fr\/wp-json\/wp\/v2\/posts"}],"about":[{"href":"https:\/\/ami.mr\/fr\/wp-json\/wp\/v2\/types\/post"}],"author":[{"embeddable":true,"href":"https:\/\/ami.mr\/fr\/wp-json\/wp\/v2\/users\/5"}],"replies":[{"embeddable":true,"href":"https:\/\/ami.mr\/fr\/wp-json\/wp\/v2\/comments?post=232185"}],"version-history":[{"count":1,"href":"https:\/\/ami.mr\/fr\/wp-json\/wp\/v2\/posts\/232185\/revisions"}],"predecessor-version":[{"id":232187,"href":"https:\/\/ami.mr\/fr\/wp-json\/wp\/v2\/posts\/232185\/revisions\/232187"}],"wp:featuredmedia":[{"embeddable":true,"href":"https:\/\/ami.mr\/fr\/wp-json\/wp\/v2\/media\/232186"}],"wp:attachment":[{"href":"https:\/\/ami.mr\/fr\/wp-json\/wp\/v2\/media?parent=232185"}],"wp:term":[{"taxonomy":"category","embeddable":true,"href":"https:\/\/ami.mr\/fr\/wp-json\/wp\/v2\/categories?post=232185"},{"taxonomy":"post_tag","embeddable":true,"href":"https:\/\/ami.mr\/fr\/wp-json\/wp\/v2\/tags?post=232185"}],"curies":[{"name":"wp","href":"https:\/\/api.w.org\/{rel}","templated":true}]}}