{"id":231973,"date":"2023-10-18T13:39:55","date_gmt":"2023-10-18T13:39:55","guid":{"rendered":"https:\/\/ami.mr\/fr\/?p=231973"},"modified":"2023-10-18T13:39:55","modified_gmt":"2023-10-18T13:39:55","slug":"le-ministre-de-leconomie-sentretient-avec-le-vice-president-de-la-commission-nationale-chinoise-du-developpement-et-de-la-reforme","status":"publish","type":"post","link":"https:\/\/ami.mr\/fr\/archives\/231973","title":{"rendered":"Le ministre de l\u2019\u00c9conomie s\u2019entretient avec le vice-pr\u00e9sident de la Commission nationale chinoise du d\u00e9veloppement et de la r\u00e9forme"},"content":{"rendered":"<p>Le ministre de l\u2019\u00c9conomie et du D\u00e9veloppement durable, M. Abdessalam Ould Mohamed Saleh, s\u2019est entretenu, lundi, \u00e0 P\u00e9kin avec le vice-pr\u00e9sident de la Commission nationale chinoise du d\u00e9veloppement et de la r\u00e9forme, M. Kong Liyang.<\/p>\n<p>Au cours de l\u2019entretien, le ministre a f\u00e9licit\u00e9 le responsable chinois pour la bonne organisation du troisi\u00e8me forum de haut niveau sur la nouvelle route de la soie, et appr\u00e9ci\u00e9 cette initiative qui constitue le plus grand projet d\u2019infrastructure de par l\u2019histoire, et qui va combler le d\u00e9s\u00e9quilibre infrastructurel entre les diff\u00e9rents pays du monde.<\/p>\n<p>Il a ajout\u00e9 que ce genre de projet contribue \u00e0 l\u2019acc\u00e9l\u00e9ration de la croissance dans les pays concern\u00e9s, comme en t\u00e9moigne l\u2019objectif d\u00e9clar\u00e9 de l\u2019initiative de tirer pleinement parti des march\u00e9s internationaux et locaux, par le biais de l\u2019\u00e9change et de l\u2019int\u00e9gration culturelles, afin de renforcer la compr\u00e9hension mutuelle et la confiance entre les \u00c9tats membres.<\/p>\n<p>L\u2019initiative de la nouvelle route de la soie, lanc\u00e9e par le pr\u00e9sident chinois Xi Jinping en 2013, est une r\u00e9alisation qui vise \u00e0 renforcer la connectivit\u00e9 r\u00e9gionale par le biais d\u2019une ceinture terrestre et d\u2019une route maritime reliant plus de 60 pays.<\/p>\n","protected":false},"excerpt":{"rendered":"<p>Le ministre de l\u2019\u00c9conomie et du D\u00e9veloppement durable, M. Abdessalam Ould Mohamed Saleh, s\u2019est entretenu, lundi, \u00e0 P\u00e9kin avec le vice-pr\u00e9sident de la Commission nationale chinoise du d\u00e9veloppement et de la r\u00e9forme, M. Kong Liyang. Au cours de l\u2019entretien, le ministre a f\u00e9licit\u00e9 le responsable chinois pour la bonne organisation du troisi\u00e8me forum de haut [&hellip;]<\/p>\n","protected":false},"author":5,"featured_media":231974,"comment_status":"open","ping_status":"open","sticky":false,"template":"","format":"standard","meta":{"footnotes":""},"categories":[63918,63957,25,63926],"tags":[],"class_list":["post-231973","post","type-post","status-publish","format-standard","has-post-thumbnail","hentry","category-autres","category-fil-dactualite","category-25","category-slider-general"],"_links":{"self":[{"href":"https:\/\/ami.mr\/fr\/wp-json\/wp\/v2\/posts\/231973","targetHints":{"allow":["GET"]}}],"collection":[{"href":"https:\/\/ami.mr\/fr\/wp-json\/wp\/v2\/posts"}],"about":[{"href":"https:\/\/ami.mr\/fr\/wp-json\/wp\/v2\/types\/post"}],"author":[{"embeddable":true,"href":"https:\/\/ami.mr\/fr\/wp-json\/wp\/v2\/users\/5"}],"replies":[{"embeddable":true,"href":"https:\/\/ami.mr\/fr\/wp-json\/wp\/v2\/comments?post=231973"}],"version-history":[{"count":1,"href":"https:\/\/ami.mr\/fr\/wp-json\/wp\/v2\/posts\/231973\/revisions"}],"predecessor-version":[{"id":231977,"href":"https:\/\/ami.mr\/fr\/wp-json\/wp\/v2\/posts\/231973\/revisions\/231977"}],"wp:featuredmedia":[{"embeddable":true,"href":"https:\/\/ami.mr\/fr\/wp-json\/wp\/v2\/media\/231974"}],"wp:attachment":[{"href":"https:\/\/ami.mr\/fr\/wp-json\/wp\/v2\/media?parent=231973"}],"wp:term":[{"taxonomy":"category","embeddable":true,"href":"https:\/\/ami.mr\/fr\/wp-json\/wp\/v2\/categories?post=231973"},{"taxonomy":"post_tag","embeddable":true,"href":"https:\/\/ami.mr\/fr\/wp-json\/wp\/v2\/tags?post=231973"}],"curies":[{"name":"wp","href":"https:\/\/api.w.org\/{rel}","templated":true}]}}