{"id":231967,"date":"2023-10-18T12:17:25","date_gmt":"2023-10-18T12:17:25","guid":{"rendered":"https:\/\/ami.mr\/fr\/?p=231967"},"modified":"2023-10-18T13:27:32","modified_gmt":"2023-10-18T13:27:32","slug":"le-ministre-du-petrole-participe-a-la-semaine-africaine-de-lenergie-a-cap-town","status":"publish","type":"post","link":"https:\/\/ami.mr\/fr\/archives\/231967","title":{"rendered":"Le ministre du P\u00e9trole participe \u00e0 la semaine africaine de l\u2019\u00e9nergie \u00e0 Cap Town"},"content":{"rendered":"<p>Le Ministre du P\u00e9trole, des Mines et de l\u2019\u00c9nergie, porte-parole du gouvernement, M. Nani Ould Chrouga, a particip\u00e9 hier mardi \u00e0 l\u2019ouverture de la semaine africaine de l\u2019\u00e9nergie au Cap (Afrique du Sud).<\/p>\n<p>Cette semaine, \u00e0 laquelle participent un grand nombre de ministres, de fonctionnaires et d\u2019investisseurs dans le domaine, est l\u2019une des conf\u00e9rences et expositions les plus importantes sur l\u2019\u00e9nergie en Afrique.<\/p>\n<p>Au cours du premier jour de la rencontre, le ministre a particip\u00e9 \u00e0 un forum sur les politiques de d\u00e9veloppement des \u00e9nergies renouvelables et de l\u2019hydrog\u00e8ne en Afrique tout comme il a tenu des r\u00e9unions avec des responsables d\u2019entreprises int\u00e9ress\u00e9es par l&#8217;investissement en Mauritanie.<\/p>\n<p>M. Nani Ould Chrouga est accompagn\u00e9 de MM. El Houcine Mohamed Eli, conseiller au Premier ministre, Ekrembele Lehbib, Conseiller au minist\u00e8re charg\u00e9 du secteur des hydrocarbures bruts, Tourad Abdelbaki, Directeur G\u00e9n\u00e9ral de la Soci\u00e9t\u00e9 Mauritanienne des Hydrocarbures.<\/p>\n","protected":false},"excerpt":{"rendered":"<p>Le Ministre du P\u00e9trole, des Mines et de l\u2019\u00c9nergie, porte-parole du gouvernement, M. Nani Ould Chrouga, a particip\u00e9 hier mardi \u00e0 l\u2019ouverture de la semaine africaine de l\u2019\u00e9nergie au Cap (Afrique du Sud). Cette semaine, \u00e0 laquelle participent un grand nombre de ministres, de fonctionnaires et d\u2019investisseurs dans le domaine, est l\u2019une des conf\u00e9rences et [&hellip;]<\/p>\n","protected":false},"author":5,"featured_media":231968,"comment_status":"open","ping_status":"open","sticky":false,"template":"","format":"standard","meta":{"footnotes":""},"categories":[63920,63957,25,63926],"tags":[],"class_list":["post-231967","post","type-post","status-publish","format-standard","has-post-thumbnail","hentry","category-a-la-une","category-fil-dactualite","category-25","category-slider-general"],"_links":{"self":[{"href":"https:\/\/ami.mr\/fr\/wp-json\/wp\/v2\/posts\/231967","targetHints":{"allow":["GET"]}}],"collection":[{"href":"https:\/\/ami.mr\/fr\/wp-json\/wp\/v2\/posts"}],"about":[{"href":"https:\/\/ami.mr\/fr\/wp-json\/wp\/v2\/types\/post"}],"author":[{"embeddable":true,"href":"https:\/\/ami.mr\/fr\/wp-json\/wp\/v2\/users\/5"}],"replies":[{"embeddable":true,"href":"https:\/\/ami.mr\/fr\/wp-json\/wp\/v2\/comments?post=231967"}],"version-history":[{"count":1,"href":"https:\/\/ami.mr\/fr\/wp-json\/wp\/v2\/posts\/231967\/revisions"}],"predecessor-version":[{"id":231969,"href":"https:\/\/ami.mr\/fr\/wp-json\/wp\/v2\/posts\/231967\/revisions\/231969"}],"wp:featuredmedia":[{"embeddable":true,"href":"https:\/\/ami.mr\/fr\/wp-json\/wp\/v2\/media\/231968"}],"wp:attachment":[{"href":"https:\/\/ami.mr\/fr\/wp-json\/wp\/v2\/media?parent=231967"}],"wp:term":[{"taxonomy":"category","embeddable":true,"href":"https:\/\/ami.mr\/fr\/wp-json\/wp\/v2\/categories?post=231967"},{"taxonomy":"post_tag","embeddable":true,"href":"https:\/\/ami.mr\/fr\/wp-json\/wp\/v2\/tags?post=231967"}],"curies":[{"name":"wp","href":"https:\/\/api.w.org\/{rel}","templated":true}]}}