{"id":231928,"date":"2023-10-17T20:56:54","date_gmt":"2023-10-17T20:56:54","guid":{"rendered":"https:\/\/ami.mr\/fr\/?p=231928"},"modified":"2023-10-17T21:38:40","modified_gmt":"2023-10-17T21:38:40","slug":"visite-surprise-du-president-de-la-republique-a-lecole-denseignement-technique-et-de-formation-professionnelle-du-batiment-et-des-travaux-publics-de-riyad","status":"publish","type":"post","link":"https:\/\/ami.mr\/fr\/archives\/231928","title":{"rendered":"Visite surprise du Pr\u00e9sident de la R\u00e9publique \u00e0 l\u2019\u00c9cole d&#8217;Enseignement Technique et de Formation Professionnelle du B\u00e2timent et des Travaux Publics de Riyad"},"content":{"rendered":"<p style=\"text-align: left\"><img decoding=\"async\" class=\"size-medium wp-image-231934 alignleft\" src=\"https:\/\/ami.mr\/fr\/wp-content\/uploads\/2023\/10\/MDY17102304-300x192.jpg\" alt=\"\" width=\"300\" height=\"192\" srcset=\"https:\/\/ami.mr\/fr\/wp-content\/uploads\/2023\/10\/MDY17102304-300x192.jpg 300w, https:\/\/ami.mr\/fr\/wp-content\/uploads\/2023\/10\/MDY17102304-1024x656.jpg 1024w, https:\/\/ami.mr\/fr\/wp-content\/uploads\/2023\/10\/MDY17102304-768x492.jpg 768w, https:\/\/ami.mr\/fr\/wp-content\/uploads\/2023\/10\/MDY17102304-1536x983.jpg 1536w, https:\/\/ami.mr\/fr\/wp-content\/uploads\/2023\/10\/MDY17102304-2048x1311.jpg 2048w\" sizes=\"(max-width: 300px) 100vw, 300px\" \/>Son Excellence le Pr\u00e9sident de la R\u00e9publique, M. Mohamed Ould Cheikh El Ghazouani, a effectu\u00e9 mardi une visite surprise \u00e0 l&#8217;Ecole d&#8217;Enseignement Technique et de Formation Professionnelle du B\u00e2timent et des Travaux Publics de la moughataa de Riyad. C\u2019est ainsi qu\u2019il a fait le tour des diff\u00e9rentes sections et ateliers de cette \u00e9cole.<\/p>\n<p>Son Excellence le Pr\u00e9sident de la R\u00e9publique a affirm\u00e9, dans son discours pour la circonstance, dans l&#8217;une des tribunes devant la direction, les formateurs et les \u00e9tudiants de l&#8217;\u00e9cole, qu&#8217;il a d\u00e9cid\u00e9 de visiter ce centre de cette importante moughataa au d\u00e9but de l&#8217;ann\u00e9e scolaire pour s\u2019enqu\u00e9rir de pr\u00e8s des conditions et du d\u00e9roulement de la formation ainsi que des proc\u00e9dures suivies afin de garantir l&#8217;atteinte des objectifs fix\u00e9s pour le secteur de la formation professionnelle.<\/p>\n<p>Il a ajout\u00e9 que sa d\u00e9cision de cr\u00e9er cet \u00e9tablissement, parmi de nombreux autres ouverts depuis 2019, est n\u00e9e de sa conviction de l&#8217;importance de la formation professionnelle pour l&#8217;\u00e9conomie nationale et pour l&#8217;emploi des jeunes et la lutte contre le ch\u00f4mage en leur sein, consid\u00e9rant que cette \u00e9cole est le premier \u00e9tablissement de formation professionnelle ouvert dans la province de Riyad.<\/p>\n<p>M. Mohamed Ould Cheikh El Ghazouani a pr\u00e9cis\u00e9 que l&#8217;\u00e9cole dispose de tous les moyens et \u00e9quipements lui permettant d\u2019offrir une formation de qualit\u00e9 \u00e0 la jeunesse de cette moughataa et \u00e0 celle du pays en g\u00e9n\u00e9ral, exprimant sa satisfaction par rapport \u00e0 l\u2019afflux important des jeunes vers cette institution, qui a organis\u00e9 cette ann\u00e9e un concours pour la premi\u00e8re ann\u00e9e devant 792 \u00e9tudiants dans 15 sp\u00e9cialisations.<\/p>\n<p><img decoding=\"async\" class=\"size-medium wp-image-231939 alignleft\" src=\"https:\/\/ami.mr\/fr\/wp-content\/uploads\/2023\/10\/pr-0013-300x195.jpg\" alt=\"\" width=\"300\" height=\"195\" srcset=\"https:\/\/ami.mr\/fr\/wp-content\/uploads\/2023\/10\/pr-0013-300x195.jpg 300w, https:\/\/ami.mr\/fr\/wp-content\/uploads\/2023\/10\/pr-0013-1024x667.jpg 1024w, https:\/\/ami.mr\/fr\/wp-content\/uploads\/2023\/10\/pr-0013-768x500.jpg 768w, https:\/\/ami.mr\/fr\/wp-content\/uploads\/2023\/10\/pr-0013-1536x1000.jpg 1536w, https:\/\/ami.mr\/fr\/wp-content\/uploads\/2023\/10\/pr-0013-2048x1333.jpg 2048w, https:\/\/ami.mr\/fr\/wp-content\/uploads\/2023\/10\/pr-0013-210x136.jpg 210w\" sizes=\"(max-width: 300px) 100vw, 300px\" \/>Le Chef de l\u2019\u00c9tat a d\u00e9clar\u00e9 que le pays offre des milliers d&#8217;opportunit\u00e9s d&#8217;emploi dont il est difficile pour les jeunes de b\u00e9n\u00e9ficier en raison du manque de formation professionnelle, notamment dans les domaines de la construction, de l&#8217;agriculture, de la restauration et de l&#8217;h\u00f4tellerie, soulignant qu&#8217;il compte beaucoup sur cette institution, appelant son personnel administratif \u00e0 assumer sa responsabilit\u00e9 tout enti\u00e8re pour que ce centre devienne un centre pilote dont les entreprises \u00e9conomiques convoitent les sortants.<\/p>\n<p>Son Excellence le Pr\u00e9sident de la R\u00e9publique a soulign\u00e9 que la probl\u00e9matique du ch\u00f4mage, de l\u2019emploi des jeunes, ainsi que du d\u00e9veloppement et de la prosp\u00e9rit\u00e9 des unit\u00e9s \u00e9conomiques est tributaire de la capacit\u00e9 du pays \u00e0 offrir les conditions n\u00e9cessaires \u00e0 une bonne formation professionnelle.<\/p>\n<p>Il a enfin lanc\u00e9 un appel pressant aux jeunes pour qu&#8217;ils se tournent vers la formation professionnelle et s&#8217;efforcent d&#8217;acqu\u00e9rir les exp\u00e9riences n\u00e9cessaires, car c&#8217;est la seule chose qui leur garantira l&#8217;int\u00e9gration dans la vie professionnelle et b\u00e9n\u00e9ficiera de toutes les opportunit\u00e9s d&#8217;emploi disponibles, appelant le secteur priv\u00e9 \u00e0 coordonner et coop\u00e9rer avec les \u00e9tablissements de formation afin d\u2019am\u00e9liorer la qualit\u00e9 de celle-ci.<\/p>\n<p>Son Excellence le Pr\u00e9sident de la R\u00e9publique a engag\u00e9 le ministre de l&#8217;Emploi et de la Formation Professionnelle \u00e0 prendre toutes les mesures n\u00e9cessaires afin de cr\u00e9er une dynamique qui fasse que cette ann\u00e9e soit diff\u00e9rente en termes d&#8217;organisation et de qualit\u00e9 de la formation, et qu&#8217;elle soit la d\u00e9but d\u2019une r\u00e9forme radicale de ce secteur.<\/p>\n<p>Le Chef de l\u2019\u00c9tat \u00e9tait accompagn\u00e9 lors de cette visite par le ministre charg\u00e9 de la Pr\u00e9sidence, M. Mokhtar Diay, la ministre de l&#8217;Emploi et de la Formation Professionnelle, Mme Zeinabou Mint Ahmednah, et le ministre de l\u2019\u00c9quipement et des Transports, M. Mohamed Ali Ould Sidi Mohamed.<\/p>\n<p>&nbsp;<\/p>\n<p>&nbsp;<\/p>\n<p>&nbsp;<\/p>\n<p>&nbsp;<\/p>\n<p>&nbsp;<\/p>\n<p>&nbsp;<\/p>\n","protected":false},"excerpt":{"rendered":"<p>Son Excellence le Pr\u00e9sident de la R\u00e9publique, M. Mohamed Ould Cheikh El Ghazouani, a effectu\u00e9 mardi une visite surprise \u00e0 l&#8217;Ecole d&#8217;Enseignement Technique et de Formation Professionnelle du B\u00e2timent et des Travaux Publics de la moughataa de Riyad. C\u2019est ainsi qu\u2019il a fait le tour des diff\u00e9rentes sections et ateliers de cette \u00e9cole. Son Excellence [&hellip;]<\/p>\n","protected":false},"author":13,"featured_media":231933,"comment_status":"open","ping_status":"open","sticky":false,"template":"","format":"standard","meta":{"footnotes":""},"categories":[63919,63957,25,63921,63926],"tags":[],"class_list":["post-231928","post","type-post","status-publish","format-standard","has-post-thumbnail","hentry","category-choix-du-redacteur","category-fil-dactualite","category-25","category-slider-afficher","category-slider-general"],"_links":{"self":[{"href":"https:\/\/ami.mr\/fr\/wp-json\/wp\/v2\/posts\/231928","targetHints":{"allow":["GET"]}}],"collection":[{"href":"https:\/\/ami.mr\/fr\/wp-json\/wp\/v2\/posts"}],"about":[{"href":"https:\/\/ami.mr\/fr\/wp-json\/wp\/v2\/types\/post"}],"author":[{"embeddable":true,"href":"https:\/\/ami.mr\/fr\/wp-json\/wp\/v2\/users\/13"}],"replies":[{"embeddable":true,"href":"https:\/\/ami.mr\/fr\/wp-json\/wp\/v2\/comments?post=231928"}],"version-history":[{"count":2,"href":"https:\/\/ami.mr\/fr\/wp-json\/wp\/v2\/posts\/231928\/revisions"}],"predecessor-version":[{"id":231941,"href":"https:\/\/ami.mr\/fr\/wp-json\/wp\/v2\/posts\/231928\/revisions\/231941"}],"wp:featuredmedia":[{"embeddable":true,"href":"https:\/\/ami.mr\/fr\/wp-json\/wp\/v2\/media\/231933"}],"wp:attachment":[{"href":"https:\/\/ami.mr\/fr\/wp-json\/wp\/v2\/media?parent=231928"}],"wp:term":[{"taxonomy":"category","embeddable":true,"href":"https:\/\/ami.mr\/fr\/wp-json\/wp\/v2\/categories?post=231928"},{"taxonomy":"post_tag","embeddable":true,"href":"https:\/\/ami.mr\/fr\/wp-json\/wp\/v2\/tags?post=231928"}],"curies":[{"name":"wp","href":"https:\/\/api.w.org\/{rel}","templated":true}]}}