{"id":231631,"date":"2023-10-14T13:04:17","date_gmt":"2023-10-14T13:04:17","guid":{"rendered":"https:\/\/ami.mr\/fr\/?p=231631"},"modified":"2023-10-14T13:04:17","modified_gmt":"2023-10-14T13:04:17","slug":"le-lancement-des-activites-de-la-conference-internationale-de-tigmatine-de-la-pensee-islamique","status":"publish","type":"post","link":"https:\/\/ami.mr\/fr\/archives\/231631","title":{"rendered":"Le lancement des activit\u00e9s de la Conf\u00e9rence internationale de Tigmatine de la pens\u00e9e islamique"},"content":{"rendered":"<p>Les activit\u00e9s de la conf\u00e9rence internationale de Tigmatine de la pens\u00e9e islamique dans sa quatorzi\u00e8me session ont \u00e9t\u00e9 lanc\u00e9es vendredi soir dans la localit\u00e9 de Tigmatine, dans la commune de Balal (Moughataa de Keurmacen), sous le th\u00e8me \u00ab Post- islamisation dans le bassin du fleuve&#8230; D\u00e9terminants de l&#8217;identit\u00e9 \u00bb.<\/p>\n<p>Dans son discours \u00e0 cette occasion, le wali du Trarza, Monsieur Mohamed Ould Ahmed Mouloud, a indiqu\u00e9 que l&#8217;organisation de cette conf\u00e9rence co\u00efncide avec un moment particulier au cours duquel, gr\u00e2ce aux hautes directives de Son Excellence le Pr\u00e9sident de la R\u00e9publique, M. Mohamed Ould Cheikh El Ghazouani, et \u00e0 la politique rationnelle de Son Excellence le Premier ministre Mohamed Bilal Messaoud, notre pays a fait des progr\u00e8s dans le domaine de la promotion et la diffusion des enseignements de l&#8217;Islam et de ses valeurs de tol\u00e9rance. Une ligne de conduite qui a contribu\u00e9 de mani\u00e8re significative au d\u00e9mant\u00e8lement du discours de l\u2019extr\u00e9misme et du fanatisme afin de pr\u00e9server la paix sociale, a-t-il dit.<\/p>\n<p>\u00c0 son tour, le pr\u00e9sident de la conf\u00e9rence, M. Haimouda Ould Doubnane Ould Moutaly, a pass\u00e9 en revue le programme d&#8217;activit\u00e9s et les objectifs vis\u00e9s, parmi lesquels la consolidation des valeurs islamiques, soulignant le r\u00f4le jou\u00e9 par les savants de la r\u00e9gion dans la diffusion du message du proph\u00e8te Mohamed (PSL).<\/p>\n<p>Il est \u00e0 noter que la conf\u00e9rence a r\u00e9uni un groupe d&#8217;\u00e9rudits, d&#8217;imams et de cheikhs de plusieurs pays islamiques.<\/p>\n<p>Le lancement s&#8217;est d\u00e9roul\u00e9 en pr\u00e9sence du hakem de la moughataa de Keurmacen, du maire de la commune de Balal, du vice-pr\u00e9sident de la r\u00e9gion du Trarza et des autorit\u00e9s s\u00e9curitaires de la wilaya.<\/p>\n","protected":false},"excerpt":{"rendered":"<p>Les activit\u00e9s de la conf\u00e9rence internationale de Tigmatine de la pens\u00e9e islamique dans sa quatorzi\u00e8me session ont \u00e9t\u00e9 lanc\u00e9es vendredi soir dans la localit\u00e9 de Tigmatine, dans la commune de Balal (Moughataa de Keurmacen), sous le th\u00e8me \u00ab Post- islamisation dans le bassin du fleuve&#8230; D\u00e9terminants de l&#8217;identit\u00e9 \u00bb. Dans son discours \u00e0 cette occasion, [&hellip;]<\/p>\n","protected":false},"author":16,"featured_media":231632,"comment_status":"open","ping_status":"open","sticky":false,"template":"","format":"standard","meta":{"footnotes":""},"categories":[63918,63959,8672],"tags":[],"class_list":["post-231631","post","type-post","status-publish","format-standard","has-post-thumbnail","hentry","category-autres","category-mauritanie","category-8672"],"_links":{"self":[{"href":"https:\/\/ami.mr\/fr\/wp-json\/wp\/v2\/posts\/231631","targetHints":{"allow":["GET"]}}],"collection":[{"href":"https:\/\/ami.mr\/fr\/wp-json\/wp\/v2\/posts"}],"about":[{"href":"https:\/\/ami.mr\/fr\/wp-json\/wp\/v2\/types\/post"}],"author":[{"embeddable":true,"href":"https:\/\/ami.mr\/fr\/wp-json\/wp\/v2\/users\/16"}],"replies":[{"embeddable":true,"href":"https:\/\/ami.mr\/fr\/wp-json\/wp\/v2\/comments?post=231631"}],"version-history":[{"count":1,"href":"https:\/\/ami.mr\/fr\/wp-json\/wp\/v2\/posts\/231631\/revisions"}],"predecessor-version":[{"id":231633,"href":"https:\/\/ami.mr\/fr\/wp-json\/wp\/v2\/posts\/231631\/revisions\/231633"}],"wp:featuredmedia":[{"embeddable":true,"href":"https:\/\/ami.mr\/fr\/wp-json\/wp\/v2\/media\/231632"}],"wp:attachment":[{"href":"https:\/\/ami.mr\/fr\/wp-json\/wp\/v2\/media?parent=231631"}],"wp:term":[{"taxonomy":"category","embeddable":true,"href":"https:\/\/ami.mr\/fr\/wp-json\/wp\/v2\/categories?post=231631"},{"taxonomy":"post_tag","embeddable":true,"href":"https:\/\/ami.mr\/fr\/wp-json\/wp\/v2\/tags?post=231631"}],"curies":[{"name":"wp","href":"https:\/\/api.w.org\/{rel}","templated":true}]}}