{"id":231624,"date":"2023-10-14T12:09:30","date_gmt":"2023-10-14T12:09:30","guid":{"rendered":"https:\/\/ami.mr\/fr\/?p=231624"},"modified":"2023-10-14T12:09:30","modified_gmt":"2023-10-14T12:09:30","slug":"linstitut-national-des-arts-organise-une-soiree-autour-du-bilan-de-ses-activites","status":"publish","type":"post","link":"https:\/\/ami.mr\/fr\/archives\/231624","title":{"rendered":"L\u2019Institut national des arts organise une soir\u00e9e autour du bilan de ses activit\u00e9s"},"content":{"rendered":"<div class=\"cell auto-size\">\n<div class=\"set-border bd-gray padding10 margin10 no-margin-right no-margin-left \" dir=\"ltr\">\n<p>L&#8217;Institut national des arts a organis\u00e9, vendredi soir, \u00e0 l&#8217;ancienne Maison des jeunes de Nouakchott, une soir\u00e9e autour du bilan de ses activit\u00e9s au cours de l&#8217;ann\u00e9e 2023 et des perspectives d&#8217;avenir en 2024.<\/p>\n<p>La soir\u00e9e comprenait des repr\u00e9sentations artistiques et des courts m\u00e9trages, en plus des repr\u00e9sentations de chants patriotiques et d&#8217;arts plastiques.<\/p>\n<p>Dans son discours d&#8217;ouverture de la soir\u00e9e, le charg\u00e9 de mission au minist\u00e8re de la Culture, de la Jeunesse, des Sports et des Relations avec le Parlement, M. Mohamed Lemine Ould Ivekou, a salu\u00e9 le bilan remarquable de l&#8217;Institut au cours de l&#8217;ann\u00e9e en cours, soulignant que l&#8217;ann\u00e9e \u00e0 venir sera \u00e9galement particuli\u00e8re selon le plan \u00e9labor\u00e9 par l&#8217;Institut et le programme du minist\u00e8re.<\/p>\n<p>A son tour, le secr\u00e9taire g\u00e9n\u00e9ral de la c\u00e9l\u00e9bration de Nouakchott Capitale de la Culture, M. Mohamed Sidi Abdoullah, a salu\u00e9 le bilan honorable de l&#8217;institut, et s\u2019est f\u00e9licit\u00e9 de l&#8217;adoption du logo du Comit\u00e9 sup\u00e9rieur de Nouakchott, Capitale de la Culture, par l&#8217;institut ce mois-ci.<\/p>\n<p>Pour sa part, le directeur g\u00e9n\u00e9ral de l&#8217;Institut national des arts, M. Abdoul Dicko, a soulign\u00e9 que l&#8217;Institut a toujours cherch\u00e9 \u00e0 construire des ponts de partenariat et de coop\u00e9ration avec tous les partenaires locaux et internationaux.<\/p>\n<p>Il a soulign\u00e9 que l&#8217;institut aspire au cours de l&#8217;ann\u00e9e 2024 \u00e0 la r\u00e9alisation d\u2019un orchestre national et d\u2019un th\u00e9\u00e2tre, en plus d&#8217;un centre national des beaux-arts et de la production cin\u00e9matographique, de mani\u00e8re \u00e0 refl\u00e9ter la culture nationale dans sa diversit\u00e9 et son authenticit\u00e9 et \u00e0 permettre la diffusion des bonnes valeurs, conform\u00e9ment au programme de Son Excellence le Pr\u00e9sident de la R\u00e9publique, M. Mohamed Ould Cheikh El Ghazouani.<\/p>\n<p>En marge de la c\u00e9r\u00e9monie, des attestations ont \u00e9t\u00e9 distribu\u00e9es aux participants \u00e0 la derni\u00e8re session d&#8217;\u00e9t\u00e9 organis\u00e9e par l&#8217;Institut.<\/p>\n<p>La soir\u00e9e s&#8217;est d\u00e9roul\u00e9e en pr\u00e9sence du wali adjoint de Nouakchott Ouest et de plusieurs cadres du d\u00e9partement de la culture.<\/p>\n<\/div>\n<\/div>\n<p><img decoding=\"async\" class=\"alignnone  wp-image-231626\" src=\"https:\/\/ami.mr\/fr\/wp-content\/uploads\/2023\/10\/2222-2-300x200.jpg\" alt=\"\" width=\"752\" height=\"501\" srcset=\"https:\/\/ami.mr\/fr\/wp-content\/uploads\/2023\/10\/2222-2-300x200.jpg 300w, https:\/\/ami.mr\/fr\/wp-content\/uploads\/2023\/10\/2222-2-768x512.jpg 768w, https:\/\/ami.mr\/fr\/wp-content\/uploads\/2023\/10\/2222-2.jpg 945w\" sizes=\"(max-width: 752px) 100vw, 752px\" \/><\/p>\n<p>&nbsp;<\/p>\n","protected":false},"excerpt":{"rendered":"<p>L&#8217;Institut national des arts a organis\u00e9, vendredi soir, \u00e0 l&#8217;ancienne Maison des jeunes de Nouakchott, une soir\u00e9e autour du bilan de ses activit\u00e9s au cours de l&#8217;ann\u00e9e 2023 et des perspectives d&#8217;avenir en 2024. La soir\u00e9e comprenait des repr\u00e9sentations artistiques et des courts m\u00e9trages, en plus des repr\u00e9sentations de chants patriotiques et d&#8217;arts plastiques. Dans [&hellip;]<\/p>\n","protected":false},"author":16,"featured_media":231625,"comment_status":"open","ping_status":"open","sticky":false,"template":"","format":"standard","meta":{"footnotes":""},"categories":[63918,63957,63959],"tags":[],"class_list":["post-231624","post","type-post","status-publish","format-standard","has-post-thumbnail","hentry","category-autres","category-fil-dactualite","category-mauritanie"],"_links":{"self":[{"href":"https:\/\/ami.mr\/fr\/wp-json\/wp\/v2\/posts\/231624","targetHints":{"allow":["GET"]}}],"collection":[{"href":"https:\/\/ami.mr\/fr\/wp-json\/wp\/v2\/posts"}],"about":[{"href":"https:\/\/ami.mr\/fr\/wp-json\/wp\/v2\/types\/post"}],"author":[{"embeddable":true,"href":"https:\/\/ami.mr\/fr\/wp-json\/wp\/v2\/users\/16"}],"replies":[{"embeddable":true,"href":"https:\/\/ami.mr\/fr\/wp-json\/wp\/v2\/comments?post=231624"}],"version-history":[{"count":1,"href":"https:\/\/ami.mr\/fr\/wp-json\/wp\/v2\/posts\/231624\/revisions"}],"predecessor-version":[{"id":231627,"href":"https:\/\/ami.mr\/fr\/wp-json\/wp\/v2\/posts\/231624\/revisions\/231627"}],"wp:featuredmedia":[{"embeddable":true,"href":"https:\/\/ami.mr\/fr\/wp-json\/wp\/v2\/media\/231625"}],"wp:attachment":[{"href":"https:\/\/ami.mr\/fr\/wp-json\/wp\/v2\/media?parent=231624"}],"wp:term":[{"taxonomy":"category","embeddable":true,"href":"https:\/\/ami.mr\/fr\/wp-json\/wp\/v2\/categories?post=231624"},{"taxonomy":"post_tag","embeddable":true,"href":"https:\/\/ami.mr\/fr\/wp-json\/wp\/v2\/tags?post=231624"}],"curies":[{"name":"wp","href":"https:\/\/api.w.org\/{rel}","templated":true}]}}