{"id":231485,"date":"2023-10-12T14:27:47","date_gmt":"2023-10-12T14:27:47","guid":{"rendered":"https:\/\/ami.mr\/fr\/?p=231485"},"modified":"2023-10-12T14:27:47","modified_gmt":"2023-10-12T14:27:47","slug":"ministere-de-la-justice-reception-dun-don-de-lue-de-dix-vehicules","status":"publish","type":"post","link":"https:\/\/ami.mr\/fr\/archives\/231485","title":{"rendered":"Minist\u00e8re de la Justice : R\u00e9ception d\u2019un don de l\u2019UE de dix v\u00e9hicules"},"content":{"rendered":"<p>Le secr\u00e9taire g\u00e9n\u00e9ral du minist\u00e8re de la Justice, Mohamed Ould Ahmed Eydda a r\u00e9ceptionn\u00e9, jeudi matin \u00e0 Nouakchott, dix v\u00e9hicules 4X4, don de l\u2019Union Europ\u00e9enne dans le cadre du projet d\u2019appui \u00e0 la r\u00e9forme de la justice, financ\u00e9 par l\u2019UE.<\/p>\n<p>A cette occasion, le secr\u00e9taire g\u00e9n\u00e9ral a remerci\u00e9 l\u2019UE pour la livraison de ces v\u00e9hicules qui seront affect\u00e9s \u00e0 des tribunaux dans les wilayas de l\u2019int\u00e9rieur, les inspecteurs et les comit\u00e9s d\u2019arbitrage au minist\u00e8re.<\/p>\n<p>l a ajout\u00e9 que la coop\u00e9ration fructueuse entre le minist\u00e8re de la Justice et l\u2019Union europ\u00e9enne contribuera \u00e0 l\u2019am\u00e9lioration de l\u2019efficacit\u00e9 de la performance des structures du d\u00e9partement, \u00e0 travers les interventions du Projet d\u2019appui \u00e0 la r\u00e9forme de la justice, dont le financement et de l\u2019ordre de 12.600.000 euros.<\/p>\n<p>M. Ould Ahmed Eydda a, enfin, not\u00e9 que ces derniers jours ont vu la pose de la premi\u00e8re pierre d\u2019un Palais de Justice \u00e0 Nouakchott Sud, et des tribunaux des moughataa d\u2019El Mina et de Boutilimit dans le cadre de ce m\u00eame projet.<\/p>\n<p>Pour sa part, le Chef du Groupe de la gouvernance \u00e0 la D\u00e9l\u00e9gation de l\u2019Union europ\u00e9enne, M. Jerome le Bouk, a soulign\u00e9 que l\u2019Union europ\u00e9enne continuera \u00e0 soutenir le minist\u00e8re de la justice<\/p>\n<p>dans le cadre des efforts de r\u00e9forme d\u00e9ploy\u00e9s, en particulier ceux li\u00e9s aux r\u00e9sultats des \u00c9tats g\u00e9n\u00e9raux .<\/p>\n<p><img decoding=\"async\" class=\"alignnone  wp-image-231487\" src=\"https:\/\/ami.mr\/fr\/wp-content\/uploads\/2023\/10\/IMG_1414-300x200.jpg\" alt=\"\" width=\"806\" height=\"537\" srcset=\"https:\/\/ami.mr\/fr\/wp-content\/uploads\/2023\/10\/IMG_1414-300x200.jpg 300w, https:\/\/ami.mr\/fr\/wp-content\/uploads\/2023\/10\/IMG_1414-1024x683.jpg 1024w, https:\/\/ami.mr\/fr\/wp-content\/uploads\/2023\/10\/IMG_1414-768x512.jpg 768w, https:\/\/ami.mr\/fr\/wp-content\/uploads\/2023\/10\/IMG_1414-1536x1024.jpg 1536w, https:\/\/ami.mr\/fr\/wp-content\/uploads\/2023\/10\/IMG_1414-2048x1365.jpg 2048w\" sizes=\"(max-width: 806px) 100vw, 806px\" \/><\/p>\n","protected":false},"excerpt":{"rendered":"<p>Le secr\u00e9taire g\u00e9n\u00e9ral du minist\u00e8re de la Justice, Mohamed Ould Ahmed Eydda a r\u00e9ceptionn\u00e9, jeudi matin \u00e0 Nouakchott, dix v\u00e9hicules 4X4, don de l\u2019Union Europ\u00e9enne dans le cadre du projet d\u2019appui \u00e0 la r\u00e9forme de la justice, financ\u00e9 par l\u2019UE. A cette occasion, le secr\u00e9taire g\u00e9n\u00e9ral a remerci\u00e9 l\u2019UE pour la livraison de ces v\u00e9hicules [&hellip;]<\/p>\n","protected":false},"author":16,"featured_media":231486,"comment_status":"open","ping_status":"open","sticky":false,"template":"","format":"standard","meta":{"footnotes":""},"categories":[63918,63919,63957],"tags":[],"class_list":["post-231485","post","type-post","status-publish","format-standard","has-post-thumbnail","hentry","category-autres","category-choix-du-redacteur","category-fil-dactualite"],"_links":{"self":[{"href":"https:\/\/ami.mr\/fr\/wp-json\/wp\/v2\/posts\/231485","targetHints":{"allow":["GET"]}}],"collection":[{"href":"https:\/\/ami.mr\/fr\/wp-json\/wp\/v2\/posts"}],"about":[{"href":"https:\/\/ami.mr\/fr\/wp-json\/wp\/v2\/types\/post"}],"author":[{"embeddable":true,"href":"https:\/\/ami.mr\/fr\/wp-json\/wp\/v2\/users\/16"}],"replies":[{"embeddable":true,"href":"https:\/\/ami.mr\/fr\/wp-json\/wp\/v2\/comments?post=231485"}],"version-history":[{"count":1,"href":"https:\/\/ami.mr\/fr\/wp-json\/wp\/v2\/posts\/231485\/revisions"}],"predecessor-version":[{"id":231488,"href":"https:\/\/ami.mr\/fr\/wp-json\/wp\/v2\/posts\/231485\/revisions\/231488"}],"wp:featuredmedia":[{"embeddable":true,"href":"https:\/\/ami.mr\/fr\/wp-json\/wp\/v2\/media\/231486"}],"wp:attachment":[{"href":"https:\/\/ami.mr\/fr\/wp-json\/wp\/v2\/media?parent=231485"}],"wp:term":[{"taxonomy":"category","embeddable":true,"href":"https:\/\/ami.mr\/fr\/wp-json\/wp\/v2\/categories?post=231485"},{"taxonomy":"post_tag","embeddable":true,"href":"https:\/\/ami.mr\/fr\/wp-json\/wp\/v2\/tags?post=231485"}],"curies":[{"name":"wp","href":"https:\/\/api.w.org\/{rel}","templated":true}]}}