{"id":231348,"date":"2023-10-10T19:37:04","date_gmt":"2023-10-10T19:37:04","guid":{"rendered":"https:\/\/ami.mr\/fr\/?p=231348"},"modified":"2023-10-10T19:38:20","modified_gmt":"2023-10-10T19:38:20","slug":"lancement-du-rapport-annuel-du-projet-swedd-pour-lannee-2022","status":"publish","type":"post","link":"https:\/\/ami.mr\/fr\/archives\/231348","title":{"rendered":"Lancement du rapport annuel du Projet SWEDD pour l\u2019ann\u00e9e 2022"},"content":{"rendered":"<div class=\"cell auto-size\">\n<div class=\"set-border bd-gray padding10 margin10 no-margin-right no-margin-left \" dir=\"ltr\">\n<p>Le projet Autonomisation des Femmes et Dividende D\u00e9mographique au Sahel \u2018\u2019SWEDD&#8221; a lanc\u00e9, mardi \u00e0 Nouakchott, son rapport annuel pour l&#8217;ann\u00e9e 2022.<\/p>\n<p>Le secr\u00e9taire g\u00e9n\u00e9ral par int\u00e9rim du minist\u00e8re de l&#8217;\u00c9conomie et du D\u00e9veloppement durable, conseiller juridique, M. Mohamed Salem Ould Soueilem, a indiqu\u00e9 que des progr\u00e8s significatifs ont \u00e9t\u00e9 enregistr\u00e9s en faveur de l&#8217;autonomisation des femmes et des filles dans les pays o\u00f9 intervient le projet.<\/p>\n<p>Il a ajout\u00e9 que l&#8217;ann\u00e9e 2022 a \u00e9t\u00e9 marqu\u00e9e par le lancement de la deuxi\u00e8me phase du projet l&#8217;adh\u00e9sion de quatre nouveaux pays, soulignant que l&#8217;augmentation du nombre de pays adh\u00e9rents confirme la r\u00e9alisation de la vision 2063 de l&#8217;Union africaine.<\/p>\n<p>De son c\u00f4t\u00e9, la directrice du Secr\u00e9tariat Technique du Projet, Mme Navissa Diop, a d\u00e9clar\u00e9 qu\u2019il a d\u00e9j\u00e0 d\u00e9montr\u00e9 sa capacit\u00e9 \u00e0 changer la vie des femmes et des filles de la r\u00e9gion.<\/p>\n<p>Elle a ajout\u00e9 que, gr\u00e2ce \u00e0 des partenariats solides et \u00e0 l&#8217;engagement des pays, il est possible d&#8217;envisager un avenir dans lequel chaque femme aura acc\u00e8s aux services dont elle a besoin pour mener une vie saine.<\/p>\n<\/div>\n<\/div>\n<p>&nbsp;<\/p>\n<p>&nbsp;<\/p>\n","protected":false},"excerpt":{"rendered":"<p>Le projet Autonomisation des Femmes et Dividende D\u00e9mographique au Sahel \u2018\u2019SWEDD&#8221; a lanc\u00e9, mardi \u00e0 Nouakchott, son rapport annuel pour l&#8217;ann\u00e9e 2022. Le secr\u00e9taire g\u00e9n\u00e9ral par int\u00e9rim du minist\u00e8re de l&#8217;\u00c9conomie et du D\u00e9veloppement durable, conseiller juridique, M. Mohamed Salem Ould Soueilem, a indiqu\u00e9 que des progr\u00e8s significatifs ont \u00e9t\u00e9 enregistr\u00e9s en faveur de l&#8217;autonomisation [&hellip;]<\/p>\n","protected":false},"author":13,"featured_media":231358,"comment_status":"open","ping_status":"open","sticky":false,"template":"","format":"standard","meta":{"footnotes":""},"categories":[63918,63919,63957,63959,63927],"tags":[],"class_list":["post-231348","post","type-post","status-publish","format-standard","has-post-thumbnail","hentry","category-autres","category-choix-du-redacteur","category-fil-dactualite","category-mauritanie","category-slider-mauritanie"],"_links":{"self":[{"href":"https:\/\/ami.mr\/fr\/wp-json\/wp\/v2\/posts\/231348","targetHints":{"allow":["GET"]}}],"collection":[{"href":"https:\/\/ami.mr\/fr\/wp-json\/wp\/v2\/posts"}],"about":[{"href":"https:\/\/ami.mr\/fr\/wp-json\/wp\/v2\/types\/post"}],"author":[{"embeddable":true,"href":"https:\/\/ami.mr\/fr\/wp-json\/wp\/v2\/users\/13"}],"replies":[{"embeddable":true,"href":"https:\/\/ami.mr\/fr\/wp-json\/wp\/v2\/comments?post=231348"}],"version-history":[{"count":1,"href":"https:\/\/ami.mr\/fr\/wp-json\/wp\/v2\/posts\/231348\/revisions"}],"predecessor-version":[{"id":231359,"href":"https:\/\/ami.mr\/fr\/wp-json\/wp\/v2\/posts\/231348\/revisions\/231359"}],"wp:featuredmedia":[{"embeddable":true,"href":"https:\/\/ami.mr\/fr\/wp-json\/wp\/v2\/media\/231358"}],"wp:attachment":[{"href":"https:\/\/ami.mr\/fr\/wp-json\/wp\/v2\/media?parent=231348"}],"wp:term":[{"taxonomy":"category","embeddable":true,"href":"https:\/\/ami.mr\/fr\/wp-json\/wp\/v2\/categories?post=231348"},{"taxonomy":"post_tag","embeddable":true,"href":"https:\/\/ami.mr\/fr\/wp-json\/wp\/v2\/tags?post=231348"}],"curies":[{"name":"wp","href":"https:\/\/api.w.org\/{rel}","templated":true}]}}