{"id":230977,"date":"2023-10-04T22:06:11","date_gmt":"2023-10-04T22:06:11","guid":{"rendered":"https:\/\/ami.mr\/fr\/?p=230977"},"modified":"2023-10-04T22:06:11","modified_gmt":"2023-10-04T22:06:11","slug":"ministre-des-affaires-islamiques-aucune-loi-contraire-a-la-charia-islamique-ne-sera-promulguee","status":"publish","type":"post","link":"https:\/\/ami.mr\/fr\/archives\/230977","title":{"rendered":"Ministre des Affaires islamiques : \u201caucune loi contraire \u00e0 la charia islamique ne sera promulgu\u00e9e&#8230;\u201d"},"content":{"rendered":"<p><img decoding=\"async\" class=\"wp-image-230974 alignleft\" src=\"https:\/\/ami.mr\/fr\/wp-content\/uploads\/2023\/10\/IMG_7348-300x231.jpg\" alt=\"\" width=\"201\" height=\"155\" srcset=\"https:\/\/ami.mr\/fr\/wp-content\/uploads\/2023\/10\/IMG_7348-300x231.jpg 300w, https:\/\/ami.mr\/fr\/wp-content\/uploads\/2023\/10\/IMG_7348-1024x790.jpg 1024w, https:\/\/ami.mr\/fr\/wp-content\/uploads\/2023\/10\/IMG_7348-768x593.jpg 768w, https:\/\/ami.mr\/fr\/wp-content\/uploads\/2023\/10\/IMG_7348-1536x1185.jpg 1536w, https:\/\/ami.mr\/fr\/wp-content\/uploads\/2023\/10\/IMG_7348-2048x1580.jpg 2048w\" sizes=\"(max-width: 201px) 100vw, 201px\" \/> Le ministre de l&#8217;Hydraulique et de l&#8217;Assainissement, porte-parole du Gouvernement par int\u00e9rim, M. Isma\u00efl Ould Abdel Vettah, a comment\u00e9 les r\u00e9sultats des travaux du Conseil des ministres qui s&#8217;est tenue mercredi \u00e0 Nouakchott, en compagnie des ministres des Affaires islamiques, de l&#8217;Emploi et de l&#8217;Enseignement sup\u00e9rieur.<\/p>\n<p>En r\u00e9ponse \u00e0 une question relative \u00e0 l&#8217;interview accord\u00e9e par Son Excellence le Pr\u00e9sident de la R\u00e9publique au quotidien Le Figaro, le porte-parole a soulign\u00e9 que cette interview a constitu\u00e9 un succ\u00e8s pour la Mauritanie, au regard de ses \u00e9chos significatifs dans le monde entier puisqu\u2019elle a mis en lumi\u00e8re le r\u00f4le que joue la Mauritanie dans la r\u00e9gion et les efforts consentis par le Pr\u00e9sident de la R\u00e9publique sur tous les plans pour redorer l&#8217;image du pays.<\/p>\n<p>Au sujet des limogeages de responsables dans le secteur de l&#8217;Hydraulique, le ministre a insist\u00e9 sur le fait que ces limogeages ne constituent pas un objectif en soi, mais visent \u00e0 transmettre un message aux employ\u00e9s des institutions relevant du D\u00e9partement, selon lequel le laxisme au travail n&#8217;est plus tol\u00e9r\u00e9, expliquant que cela intervient suite \u00e0 sa tourn\u00e9e \u00e0 Nouadhibou et Rosso o\u00f9 des dysfonctionnements ont \u00e9t\u00e9 observ\u00e9s, et qui ont entra\u00een\u00e9 des perturbations dans les prestations de services aux citoyens.<\/p>\n<p><img decoding=\"async\" class=\"wp-image-230972 alignleft\" src=\"https:\/\/ami.mr\/fr\/wp-content\/uploads\/2023\/10\/IMG_7351-300x209.jpg\" alt=\"\" width=\"218\" height=\"152\" srcset=\"https:\/\/ami.mr\/fr\/wp-content\/uploads\/2023\/10\/IMG_7351-300x209.jpg 300w, https:\/\/ami.mr\/fr\/wp-content\/uploads\/2023\/10\/IMG_7351-1024x714.jpg 1024w, https:\/\/ami.mr\/fr\/wp-content\/uploads\/2023\/10\/IMG_7351-768x536.jpg 768w, https:\/\/ami.mr\/fr\/wp-content\/uploads\/2023\/10\/IMG_7351-1536x1071.jpg 1536w, https:\/\/ami.mr\/fr\/wp-content\/uploads\/2023\/10\/IMG_7351-2048x1428.jpg 2048w\" sizes=\"(max-width: 218px) 100vw, 218px\" \/>De son c\u00f4t\u00e9, le ministre des Affaires islamiques et de l&#8217;Enseignement originel, M. Dah Ould Amar Taleb, a d\u00e9clar\u00e9 que Son Excellence le Pr\u00e9sident de la R\u00e9publique, M. Mohamed Ould Cheikh El Ghazouani, a donn\u00e9 des instructions strictes selon lesquelles aucune loi contraire \u00e0 la charia islamique ne doit \u00eatre promulgu\u00e9e. Il a soulign\u00e9 que bien que ceci soit un principe constitutionnel (la charia est la source des lois), cela n&#8217;est pas surprenant, car Son Excellence l&#8217;a d\u00e9j\u00e0 affirm\u00e9 \u00e0 plusieurs reprises.<\/p>\n<p>Commentant la communication relative au pr\u00e9-projet de loi sur les violences faites aux femmes, il a pr\u00e9cis\u00e9 que l&#8217;objectif de celui-ci est de prot\u00e9ger et pr\u00e9server la dignit\u00e9 des femmes, \u00e0 l\u2019image d&#8217;autres lois existantes, telles que le code p\u00e9nal.<\/p>\n<p>Le ministre a \u00e9galement soulign\u00e9 que ledit projet de loi est actuellement soumis aux Ul\u00e9mas du pays et aux experts en la mati\u00e8re, apr\u00e8s quoi, il sera publi\u00e9 pour que tous les citoyens puissent le consulter et faire leurs remarques \u00e0 son sujet.<\/p>\n<p><img decoding=\"async\" class=\"wp-image-230970 alignleft\" src=\"https:\/\/ami.mr\/fr\/wp-content\/uploads\/2023\/10\/1-300x276.jpg\" alt=\"\" width=\"213\" height=\"196\" srcset=\"https:\/\/ami.mr\/fr\/wp-content\/uploads\/2023\/10\/1-300x276.jpg 300w, https:\/\/ami.mr\/fr\/wp-content\/uploads\/2023\/10\/1-768x706.jpg 768w, https:\/\/ami.mr\/fr\/wp-content\/uploads\/2023\/10\/1.jpg 1010w\" sizes=\"(max-width: 213px) 100vw, 213px\" \/>Pour sa part, la ministre de l&#8217;Emploi et de la Formation Professionnelle, Mme Zeinabou Mint Ahmednah, a d\u00e9clar\u00e9 que la communication portant sur la cr\u00e9ation d\u2019espaces d\u2019appui aux micro, petites et moyennes entreprises intervient apr\u00e8s que l&#8217;\u00c9tat ait inject\u00e9 d\u2019importants financements dans l\u2019accompagnement de l\u2019entreprenariat des jeunes, dans le but d&#8217;atteindre divers objectifs tels que d\u00e9velopper l&#8217;activit\u00e9 \u00e9conomique, contribuer \u00e0 la cr\u00e9ation d&#8217;emplois inclusifs, favoriser l&#8217;emploi des jeunes locaux et renforcer leurs comp\u00e9tences techniques.<\/p>\n<p>Par ailleurs, elle a indiqu\u00e9 que le programme \u201cMoustaghbely\u201d a d\u00e9j\u00e0 allou\u00e9 4 milliards et 700 millions d\u2019Ouguiyas lors de ses pr\u00e9c\u00e9dentes \u00e9ditions, finan\u00e7ant ainsi 483 projets pour les jeunes en 2020, 603 en 2021 et 1713 en 2022. La ministre a ajout\u00e9 que la quatri\u00e8me \u00e9dition du projet, lanc\u00e9e r\u00e9cemment, ambitionne de financer 2000 projets au profit des dipl\u00f4m\u00e9s.<\/p>\n<p>Mme la ministre a fait savoir que la particularit\u00e9 de ses espaces d&#8217;entrepreneuriat qui seront cr\u00e9\u00e9s dans le cadre de ce projet de d\u00e9cret, c\u2019est qu\u2019ils permettront d&#8217;assurer le suivi de la mise en \u0153uvre des programmes du D\u00e9partement en r\u00e9ponse aux engagements du Pr\u00e9sident de la R\u00e9publique de cr\u00e9er 100 000 opportunit\u00e9s d&#8217;emploi, dont le secteur public a d\u00e9j\u00e0 cr\u00e9\u00e9 15 000 emplois, ce qui s\u2019ajoute aux dizaines de milliers d&#8217;opportunit\u00e9s que le secteur priv\u00e9 a mis en place.<\/p>\n<p><img decoding=\"async\" class=\"wp-image-230975 alignleft\" src=\"https:\/\/ami.mr\/fr\/wp-content\/uploads\/2023\/10\/IMG_7354-300x222.jpg\" alt=\"\" width=\"246\" height=\"182\" srcset=\"https:\/\/ami.mr\/fr\/wp-content\/uploads\/2023\/10\/IMG_7354-300x222.jpg 300w, https:\/\/ami.mr\/fr\/wp-content\/uploads\/2023\/10\/IMG_7354-1024x757.jpg 1024w, https:\/\/ami.mr\/fr\/wp-content\/uploads\/2023\/10\/IMG_7354-768x568.jpg 768w, https:\/\/ami.mr\/fr\/wp-content\/uploads\/2023\/10\/IMG_7354-1536x1135.jpg 1536w, https:\/\/ami.mr\/fr\/wp-content\/uploads\/2023\/10\/IMG_7354-2048x1514.jpg 2048w, https:\/\/ami.mr\/fr\/wp-content\/uploads\/2023\/10\/IMG_7354-86x64.jpg 86w\" sizes=\"(max-width: 246px) 100vw, 246px\" \/>Quant au ministre de l\u2019Enseignement sup\u00e9rieur et de la Recherche scientifique, M. Niang Mamoudou, il a indiqu\u00e9 que le projet de d\u00e9cret portant sur la restructuration de la recherche scientifique constitue le r\u00e9sultat des progr\u00e8s et des r\u00e9alisations accomplies dans le domaine de l&#8217;enseignement sup\u00e9rieur. \u201cIl \u00e9tait n\u00e9cessaire d\u2019adopter un nouveau texte qui tienne compte de cette \u00e9volution\u2019\u2019.<\/p>\n<p>Il a pr\u00e9cis\u00e9 que ce nouveau texte r\u00e9formateur couvre toutes les structures de recherche scientifique dans notre pays ; auparavant, la recherche scientifique \u00e9tait fig\u00e9e, mais gr\u00e2ce \u00e0 cette loi, les institutions de recherche peuvent d\u00e9sormais coordonner leurs activit\u00e9s tout en coop\u00e9rant avec d&#8217;autres unit\u00e9s de recherche similaires \u00e0 l\u2019\u00e9chelle internationale. De plus, les probl\u00e8mes de financement de la recherche dus au manque de transparence dans les m\u00e9canismes de financement, sont maintenant r\u00e9solus. Les institutions de recherche peuvent proposer leurs projets et obtenir leur financement.<\/p>\n<p>Il a soulign\u00e9 que la nouvelle loi r\u00e9formatrice d\u00e9finit d\u2019une mani\u00e8re pr\u00e9cise les crit\u00e8res d\u2019\u00e9valuation pour b\u00e9n\u00e9ficier de ces financements dans le domaine de la recherche.<\/p>\n<p>&nbsp;<\/p>\n<p>&nbsp;<\/p>\n<p>&nbsp;<\/p>\n<p>&nbsp;<\/p>\n<p>&nbsp;<\/p>\n<p>&nbsp;<\/p>\n<p>&nbsp;<\/p>\n<p>&nbsp;<\/p>\n<p>&nbsp;<\/p>\n<p>&nbsp;<\/p>\n<p>&nbsp;<\/p>\n<p>&nbsp;<\/p>\n","protected":false},"excerpt":{"rendered":"<p>Le ministre de l&#8217;Hydraulique et de l&#8217;Assainissement, porte-parole du Gouvernement par int\u00e9rim, M. Isma\u00efl Ould Abdel Vettah, a comment\u00e9 les r\u00e9sultats des travaux du Conseil des ministres qui s&#8217;est tenue mercredi \u00e0 Nouakchott, en compagnie des ministres des Affaires islamiques, de l&#8217;Emploi et de l&#8217;Enseignement sup\u00e9rieur. En r\u00e9ponse \u00e0 une question relative \u00e0 l&#8217;interview accord\u00e9e [&hellip;]<\/p>\n","protected":false},"author":13,"featured_media":230991,"comment_status":"open","ping_status":"open","sticky":false,"template":"","format":"standard","meta":{"footnotes":""},"categories":[63920,63919,63957,63959,63927],"tags":[],"class_list":["post-230977","post","type-post","status-publish","format-standard","has-post-thumbnail","hentry","category-a-la-une","category-choix-du-redacteur","category-fil-dactualite","category-mauritanie","category-slider-mauritanie"],"_links":{"self":[{"href":"https:\/\/ami.mr\/fr\/wp-json\/wp\/v2\/posts\/230977","targetHints":{"allow":["GET"]}}],"collection":[{"href":"https:\/\/ami.mr\/fr\/wp-json\/wp\/v2\/posts"}],"about":[{"href":"https:\/\/ami.mr\/fr\/wp-json\/wp\/v2\/types\/post"}],"author":[{"embeddable":true,"href":"https:\/\/ami.mr\/fr\/wp-json\/wp\/v2\/users\/13"}],"replies":[{"embeddable":true,"href":"https:\/\/ami.mr\/fr\/wp-json\/wp\/v2\/comments?post=230977"}],"version-history":[{"count":1,"href":"https:\/\/ami.mr\/fr\/wp-json\/wp\/v2\/posts\/230977\/revisions"}],"predecessor-version":[{"id":230992,"href":"https:\/\/ami.mr\/fr\/wp-json\/wp\/v2\/posts\/230977\/revisions\/230992"}],"wp:featuredmedia":[{"embeddable":true,"href":"https:\/\/ami.mr\/fr\/wp-json\/wp\/v2\/media\/230991"}],"wp:attachment":[{"href":"https:\/\/ami.mr\/fr\/wp-json\/wp\/v2\/media?parent=230977"}],"wp:term":[{"taxonomy":"category","embeddable":true,"href":"https:\/\/ami.mr\/fr\/wp-json\/wp\/v2\/categories?post=230977"},{"taxonomy":"post_tag","embeddable":true,"href":"https:\/\/ami.mr\/fr\/wp-json\/wp\/v2\/tags?post=230977"}],"curies":[{"name":"wp","href":"https:\/\/api.w.org\/{rel}","templated":true}]}}