{"id":230954,"date":"2023-10-04T17:59:38","date_gmt":"2023-10-04T17:59:38","guid":{"rendered":"https:\/\/ami.mr\/fr\/?p=230954"},"modified":"2023-10-04T17:59:38","modified_gmt":"2023-10-04T17:59:38","slug":"le-wali-de-lassaba-visite-lecole-denseignement-technique-et-de-formation-professionnelle-de-kiffa","status":"publish","type":"post","link":"https:\/\/ami.mr\/fr\/archives\/230954","title":{"rendered":"Le wali de l&#8217;Assaba visite l&#8217;\u00e9cole d&#8217;enseignement technique et de formation professionnelle de Kiffa"},"content":{"rendered":"<p>Le wali de l\u2019Assaba, M. Abderrahmane Ould El Hacen, a visit\u00e9, mercredi, l&#8217;\u00e9cole d&#8217;enseignement technique et de formation professionnelle de Kiffa.<\/p>\n<p>Le wali s\u2019est rendu dans diff\u00e9rents d\u00e9partements de ce centre de formation et a re\u00e7u des explications d\u00e9taill\u00e9es sur les sp\u00e9cialit\u00e9s prises en charge par l\u2019\u00e9tablissement (la m\u00e9canique automobile, la couture, la menuiserie, les \u00e9nergies renouvelables, le froid et la climatisation).<\/p>\n<p>A cette occasion, le wali a soulign\u00e9 l&#8217;importance du r\u00f4le du Centre de Formation Professionnelle dont le but est de r\u00e9pondre aux besoins du march\u00e9 du travail.<\/p>\n<p>La visite s&#8217;est d\u00e9roul\u00e9e en pr\u00e9sence du hakem de la moughataa de Kiffa, M. Mohamed Amadou Dia, du maire adjoint de sa commune, M. Sid\u2019Ahmed Ould Mohamed Lemine Ould Ely, du directeur de l&#8217;\u00e9cole d&#8217;enseignement technique et de formation professionnelle de Kiffa, M. Al Mourtaji Ould Moulaye Idriss, et des repr\u00e9sentants des autorit\u00e9s militaires et s\u00e9curitaires de la wilaya.<\/p>\n","protected":false},"excerpt":{"rendered":"<p>Le wali de l\u2019Assaba, M. Abderrahmane Ould El Hacen, a visit\u00e9, mercredi, l&#8217;\u00e9cole d&#8217;enseignement technique et de formation professionnelle de Kiffa. Le wali s\u2019est rendu dans diff\u00e9rents d\u00e9partements de ce centre de formation et a re\u00e7u des explications d\u00e9taill\u00e9es sur les sp\u00e9cialit\u00e9s prises en charge par l\u2019\u00e9tablissement (la m\u00e9canique automobile, la couture, la menuiserie, les [&hellip;]<\/p>\n","protected":false},"author":13,"featured_media":230955,"comment_status":"open","ping_status":"open","sticky":false,"template":"","format":"standard","meta":{"footnotes":""},"categories":[63918,63919,63957,63923,8672],"tags":[],"class_list":["post-230954","post","type-post","status-publish","format-standard","has-post-thumbnail","hentry","category-autres","category-choix-du-redacteur","category-fil-dactualite","category-slider-wilayas","category-8672"],"_links":{"self":[{"href":"https:\/\/ami.mr\/fr\/wp-json\/wp\/v2\/posts\/230954","targetHints":{"allow":["GET"]}}],"collection":[{"href":"https:\/\/ami.mr\/fr\/wp-json\/wp\/v2\/posts"}],"about":[{"href":"https:\/\/ami.mr\/fr\/wp-json\/wp\/v2\/types\/post"}],"author":[{"embeddable":true,"href":"https:\/\/ami.mr\/fr\/wp-json\/wp\/v2\/users\/13"}],"replies":[{"embeddable":true,"href":"https:\/\/ami.mr\/fr\/wp-json\/wp\/v2\/comments?post=230954"}],"version-history":[{"count":1,"href":"https:\/\/ami.mr\/fr\/wp-json\/wp\/v2\/posts\/230954\/revisions"}],"predecessor-version":[{"id":230956,"href":"https:\/\/ami.mr\/fr\/wp-json\/wp\/v2\/posts\/230954\/revisions\/230956"}],"wp:featuredmedia":[{"embeddable":true,"href":"https:\/\/ami.mr\/fr\/wp-json\/wp\/v2\/media\/230955"}],"wp:attachment":[{"href":"https:\/\/ami.mr\/fr\/wp-json\/wp\/v2\/media?parent=230954"}],"wp:term":[{"taxonomy":"category","embeddable":true,"href":"https:\/\/ami.mr\/fr\/wp-json\/wp\/v2\/categories?post=230954"},{"taxonomy":"post_tag","embeddable":true,"href":"https:\/\/ami.mr\/fr\/wp-json\/wp\/v2\/tags?post=230954"}],"curies":[{"name":"wp","href":"https:\/\/api.w.org\/{rel}","templated":true}]}}