{"id":230913,"date":"2023-10-03T20:38:00","date_gmt":"2023-10-03T20:38:00","guid":{"rendered":"https:\/\/ami.mr\/fr\/?p=230913"},"modified":"2023-10-03T20:38:00","modified_gmt":"2023-10-03T20:38:00","slug":"la-ministre-de-lemploi-visite-certains-etablissements-denseignement-professionnel","status":"publish","type":"post","link":"https:\/\/ami.mr\/fr\/archives\/230913","title":{"rendered":"La ministre de l&#8217;Emploi visite certains \u00e9tablissements d&#8217;enseignement professionnel"},"content":{"rendered":"<div class=\"row\"><\/div>\n<div class=\"row\">\n<div class=\"cell auto-size\">\n<div class=\"set-border bd-gray padding10 margin10 no-margin-right no-margin-left \" dir=\"ltr\">\n<p>La ministre de l\u2019Emploi et de la Formation Professionnelle, Mme Zeinebou Ahmednah, a visit\u00e9 mardi, l\u2019\u00c9cole d\u2019Enseignement Technique et de Formation Professionnelle Commerciale, l\u2019\u00c9cole d\u2019Enseignement Technique et de Formation Professionnelle Industrielle ainsi que l\u2019\u00c9cole d\u2019Enseignement Technique et de Formation Professionnelle des Mines, P\u00e9trole et Gaz.<\/p>\n<p>La visite s\u2019est achev\u00e9e par le Centre Sup\u00e9rieur de l\u2019Enseignement Technique (CSET) qui est charg\u00e9 d\u2019assurer la formation initiale et continue des professeurs et formateurs du dispositif de la formation technique et professionnelle.<\/p>\n<p>Ces visites interviennent \u00e0 l\u2019occasion de la rentr\u00e9e scolaire 2023-2024 qui a \u00e9t\u00e9 lanc\u00e9e officiellement par le Pr\u00e9sident de la R\u00e9publique, Son Excellence, Monsieur Mohamed Cheikh El Ghazouani, le lundi 2 octobre 2023.<\/p>\n<p>Ces visites avaient pour objectifs essentiellement de d\u00e9finir le niveau de pr\u00e9paration de ces \u00e9tablissements, de rencontrer l\u2019administration, les formateurs et les \u00e9tudiants, de constater les conditions de travail et d\u2019apprentissage et de s\u2019enqu\u00e9rir de la qualit\u00e9 de la formation professionnelle offerte par les \u00e9tablissements sous la tutelle du minist\u00e8re.<\/p>\n<p>Les visites se sont d\u00e9roul\u00e9es en pr\u00e9sence du secr\u00e9taire g\u00e9n\u00e9ral du minist\u00e8re de l&#8217;Emploi et de la Formation professionnelle, M. Cheibete Habib Sidi Maouloud, du directeur g\u00e9n\u00e9ral de la formation professionnelle, M. Sid\u2019Ahmed Iyoh, et du Conseiller technique charg\u00e9 de la formation professionnelle, M. Isselmou Rabah.<\/p>\n<\/div>\n<\/div>\n<\/div>\n","protected":false},"excerpt":{"rendered":"<p>La ministre de l\u2019Emploi et de la Formation Professionnelle, Mme Zeinebou Ahmednah, a visit\u00e9 mardi, l\u2019\u00c9cole d\u2019Enseignement Technique et de Formation Professionnelle Commerciale, l\u2019\u00c9cole d\u2019Enseignement Technique et de Formation Professionnelle Industrielle ainsi que l\u2019\u00c9cole d\u2019Enseignement Technique et de Formation Professionnelle des Mines, P\u00e9trole et Gaz. La visite s\u2019est achev\u00e9e par le Centre Sup\u00e9rieur de l\u2019Enseignement [&hellip;]<\/p>\n","protected":false},"author":8,"featured_media":230914,"comment_status":"open","ping_status":"open","sticky":false,"template":"","format":"standard","meta":{"footnotes":""},"categories":[63920,63957],"tags":[],"class_list":["post-230913","post","type-post","status-publish","format-standard","has-post-thumbnail","hentry","category-a-la-une","category-fil-dactualite"],"_links":{"self":[{"href":"https:\/\/ami.mr\/fr\/wp-json\/wp\/v2\/posts\/230913","targetHints":{"allow":["GET"]}}],"collection":[{"href":"https:\/\/ami.mr\/fr\/wp-json\/wp\/v2\/posts"}],"about":[{"href":"https:\/\/ami.mr\/fr\/wp-json\/wp\/v2\/types\/post"}],"author":[{"embeddable":true,"href":"https:\/\/ami.mr\/fr\/wp-json\/wp\/v2\/users\/8"}],"replies":[{"embeddable":true,"href":"https:\/\/ami.mr\/fr\/wp-json\/wp\/v2\/comments?post=230913"}],"version-history":[{"count":1,"href":"https:\/\/ami.mr\/fr\/wp-json\/wp\/v2\/posts\/230913\/revisions"}],"predecessor-version":[{"id":230915,"href":"https:\/\/ami.mr\/fr\/wp-json\/wp\/v2\/posts\/230913\/revisions\/230915"}],"wp:featuredmedia":[{"embeddable":true,"href":"https:\/\/ami.mr\/fr\/wp-json\/wp\/v2\/media\/230914"}],"wp:attachment":[{"href":"https:\/\/ami.mr\/fr\/wp-json\/wp\/v2\/media?parent=230913"}],"wp:term":[{"taxonomy":"category","embeddable":true,"href":"https:\/\/ami.mr\/fr\/wp-json\/wp\/v2\/categories?post=230913"},{"taxonomy":"post_tag","embeddable":true,"href":"https:\/\/ami.mr\/fr\/wp-json\/wp\/v2\/tags?post=230913"}],"curies":[{"name":"wp","href":"https:\/\/api.w.org\/{rel}","templated":true}]}}