{"id":230904,"date":"2023-10-03T20:21:56","date_gmt":"2023-10-03T20:21:56","guid":{"rendered":"https:\/\/ami.mr\/fr\/?p=230904"},"modified":"2023-10-03T20:21:56","modified_gmt":"2023-10-03T20:21:56","slug":"kaedi-lecole-denseignement-technique-organise-une-journee-portes-ouvertes-sur-la-promotion-de-letablissement","status":"publish","type":"post","link":"https:\/\/ami.mr\/fr\/archives\/230904","title":{"rendered":"Ka\u00e9di : L&#8217;Ecole d&#8217;Enseignement Technique organise une journ\u00e9e portes ouvertes sur la promotion de l&#8217;\u00e9tablissement"},"content":{"rendered":"<div class=\"row\"><\/div>\n<div class=\"row\">\n<div class=\"cell auto-size\">\n<div class=\"set-border bd-gray padding10 margin10 no-margin-right no-margin-left \" dir=\"ltr\">\n<p>L&#8217;Ecole d&#8217;enseignement technique et de Formation technique de Ka\u00e9di a organis\u00e9, mardi, une journ\u00e9e portes ouvertes dans le cadre de son projet de modernisation de l&#8217;\u00e9tablissement soutenu par l&#8217;Agence fran\u00e7aise de d\u00e9veloppement.<\/p>\n<p>Supervisant le lancement de la journ\u00e9e, le wali du Gorgl, M. Ahmedna Ould Sidabe, a affirm\u00e9 qu&#8217;il n&#8217;est pas acceptable que nous ayons des capacit\u00e9s \u00e9lev\u00e9es en mati\u00e8re de jeunesse et que nous ayons les capacit\u00e9s de former des jeunes dans des domaines qui conviennent \u00e0 notre march\u00e9 du travail, et malgr\u00e9 cela, nos jeunes continuent d&#8217;aspirer \u00e0 immigrer pour un travail qu&#8217;ils peuvent obtenir dans leur pays, avec dignit\u00e9.<\/p>\n<p>Il a demand\u00e9 aux responsables de cette institution de redoubler d&#8217;efforts et d&#8217;augmenter les ateliers de sp\u00e9cialisation pour inclure tout ce que le march\u00e9 du travail exige, en plus de l&#8217;enseignement des techniques des appareils modernes comme les antennes et la t\u00e9l\u00e9vision, en accordant une attention particuli\u00e8re \u00e0 la qualit\u00e9 plut\u00f4t qu&#8217;\u00e0 la quantit\u00e9.<\/p>\n<p>Ould Sidabe a ajout\u00e9 qu&#8217;il n&#8217;est pas acceptable que la main-d&#8217;\u0153uvre \u00e9trang\u00e8re rivalise les citoyens, car cela n&#8217;arrivera si nous assurons une bonne formation capable de rivaliser avec la main-d&#8217;\u0153uvre expatri\u00e9e et d&#8217;offrir le meilleur de ce qui est disponible.<\/p>\n<p>Il a demand\u00e9 aux jeunes stagiaires de pers\u00e9v\u00e9rer dans le travail professionnel afin de d\u00e9velopper leur expertise et de convaincre les autres qu&#8217;il existe des jeunes qui ma\u00eetrisent de multiples comp\u00e9tences.<\/p>\n<p>Le directeur g\u00e9n\u00e9ral de l&#8217;\u00e9cole, M. Yahya Ould Moustafa Ould Sidi Yahya, a, \u00e0 son tour, affirm\u00e9 que l&#8217;Ecole de Formation Professionnelle veille \u00e0 la mise en \u0153uvre de la politique gouvernementale, notamment dans son aspect li\u00e9 \u00e0 la formation professionnelle, et se concentre prioritairement sur les objectifs fondamentaux d&#8217;acc\u00e8s des jeunes mauritaniens aux centres de formation professionnelle, gr\u00e2ce \u00e0 une formation de qualit\u00e9 et comp\u00e9titive.<\/p>\n<p>Il a, \u00e9galement, fait une pr\u00e9sentation dans laquelle il a parl\u00e9 de l&#8217;histoire de l&#8217;\u00e9cole, de ses m\u00e9thodes d&#8217;intervention et de ce qui a \u00e9t\u00e9 accompli au cours des derni\u00e8res ann\u00e9es, soulignant que l&#8217;\u00e9cole a maintenu la mission principale, qui est de r\u00e9pondre aux besoins du march\u00e9 du travail pour une main d\u2019\u0153uvre nationale qualifi\u00e9e et de pr\u00e9parer des cadres professionnels au profit des activit\u00e9s \u00e9conomiques r\u00e9gionales.<\/p>\n<p>Le lancement de cette journ\u00e9e \u2018\u2019portes ouvertes\u2019\u2019 s&#8217;est d\u00e9roul\u00e9 en pr\u00e9sence du hakem de Ka\u00e9di, M. Mohamed Ould Jiddou, de l&#8217;adjoint au maire de la Commune de Ka\u00e9di, M. Abou Ciss\u00e9, ainsi que de quelques chefs de d\u00e9partements r\u00e9gionaux et des autorit\u00e9s de s\u00e9curit\u00e9 de la Wilaya.<\/p>\n<\/div>\n<\/div>\n<\/div>\n","protected":false},"excerpt":{"rendered":"<p>L&#8217;Ecole d&#8217;enseignement technique et de Formation technique de Ka\u00e9di a organis\u00e9, mardi, une journ\u00e9e portes ouvertes dans le cadre de son projet de modernisation de l&#8217;\u00e9tablissement soutenu par l&#8217;Agence fran\u00e7aise de d\u00e9veloppement. Supervisant le lancement de la journ\u00e9e, le wali du Gorgl, M. Ahmedna Ould Sidabe, a affirm\u00e9 qu&#8217;il n&#8217;est pas acceptable que nous ayons [&hellip;]<\/p>\n","protected":false},"author":8,"featured_media":230905,"comment_status":"open","ping_status":"open","sticky":false,"template":"","format":"standard","meta":{"footnotes":""},"categories":[63918,63957],"tags":[],"class_list":["post-230904","post","type-post","status-publish","format-standard","has-post-thumbnail","hentry","category-autres","category-fil-dactualite"],"_links":{"self":[{"href":"https:\/\/ami.mr\/fr\/wp-json\/wp\/v2\/posts\/230904","targetHints":{"allow":["GET"]}}],"collection":[{"href":"https:\/\/ami.mr\/fr\/wp-json\/wp\/v2\/posts"}],"about":[{"href":"https:\/\/ami.mr\/fr\/wp-json\/wp\/v2\/types\/post"}],"author":[{"embeddable":true,"href":"https:\/\/ami.mr\/fr\/wp-json\/wp\/v2\/users\/8"}],"replies":[{"embeddable":true,"href":"https:\/\/ami.mr\/fr\/wp-json\/wp\/v2\/comments?post=230904"}],"version-history":[{"count":1,"href":"https:\/\/ami.mr\/fr\/wp-json\/wp\/v2\/posts\/230904\/revisions"}],"predecessor-version":[{"id":230906,"href":"https:\/\/ami.mr\/fr\/wp-json\/wp\/v2\/posts\/230904\/revisions\/230906"}],"wp:featuredmedia":[{"embeddable":true,"href":"https:\/\/ami.mr\/fr\/wp-json\/wp\/v2\/media\/230905"}],"wp:attachment":[{"href":"https:\/\/ami.mr\/fr\/wp-json\/wp\/v2\/media?parent=230904"}],"wp:term":[{"taxonomy":"category","embeddable":true,"href":"https:\/\/ami.mr\/fr\/wp-json\/wp\/v2\/categories?post=230904"},{"taxonomy":"post_tag","embeddable":true,"href":"https:\/\/ami.mr\/fr\/wp-json\/wp\/v2\/tags?post=230904"}],"curies":[{"name":"wp","href":"https:\/\/api.w.org\/{rel}","templated":true}]}}