{"id":230901,"date":"2023-10-03T20:04:36","date_gmt":"2023-10-03T20:04:36","guid":{"rendered":"https:\/\/ami.mr\/fr\/?p=230901"},"modified":"2023-10-03T20:04:36","modified_gmt":"2023-10-03T20:04:36","slug":"atelier-de-restitution-des-recommandations-finales-du-comite-onusien-charge-de-lelimination-de-la-discrimination-contre-les-femmes","status":"publish","type":"post","link":"https:\/\/ami.mr\/fr\/archives\/230901","title":{"rendered":"Atelier de restitution des recommandations finales du comit\u00e9 onusien charg\u00e9 de l\u2019\u00e9limination de la discrimination contre les femmes"},"content":{"rendered":"<div class=\"row\">\n<div class=\"cell size-p10 padding20 no-padding-left no-padding-right no-padding-bottom\"><\/div>\n<div class=\"cell auto-size bd-gray\" dir=\"ltr\"><\/div>\n<\/div>\n<div class=\"row\">\n<div class=\"cell auto-size\">\n<div class=\"set-border bd-gray padding10 margin10 no-margin-right no-margin-left \" dir=\"ltr\">\n<div class=\"row\"><\/div>\n<div class=\"row\">\n<div class=\"cell auto-size\">\n<div class=\"set-border bd-gray padding10 margin10 no-margin-right no-margin-left \" dir=\"ltr\">\n<p>Le Commissaire aux Droits de l&#8217;Homme, \u00e0 l&#8217;Action Humanitaire et aux Relations avec la Soci\u00e9t\u00e9 Civile, M. Cheikh Ahmedou Ould Ahmed Salem Ould Sidi, a supervis\u00e9 mardi \u00e0 Nouakchott, le lancement des travaux d&#8217;un atelier de partage et de diffusion des observations finales et des recommandations du Comit\u00e9 des Nations Unies pour l&#8217;\u00e9limination de toutes les formes de discrimination \u00e0 l&#8217;\u00e9gard des femmes pr\u00e9sent\u00e9 dans le quatri\u00e8me rapport p\u00e9riodique de la Mauritanie ; relatif \u00e0 la mise en \u0153uvre des exigences de la Convention sur l&#8217;\u00e9limination de toutes les formes de discrimination \u00e0 l&#8217;\u00e9gard des femmes.<\/p>\n<p>L\u2019atelier, organis\u00e9 par le Commissariat en collaboration avec le Haut-Commissaire aux droits de l&#8217;homme, vise \u00e0 discuter de toutes les \u00e9volutions li\u00e9es aux domaines de la lutte contre la discrimination \u00e0 l&#8217;\u00e9gard des femmes et \u00e0 partager des recommandations communes entre les deux parties dans ce domaine.<\/p>\n<p>Le quatri\u00e8me rapport p\u00e9riodique soumis par la Mauritanie le 15 f\u00e9vrier dernier devant le Comit\u00e9 des Nations Unies pour l&#8217;\u00e9limination de toutes les formes de discrimination \u00e0 l&#8217;\u00e9gard des femmes a \u00e9t\u00e9 largement salu\u00e9 dans ses diff\u00e9rents axes par le Comit\u00e9 de l&#8217;ONU, a d\u00e9clar\u00e9 \u00e0 cette occasion le Commissaire.<\/p>\n<p>Les plus hautes autorit\u00e9s du pays tiennent fermement \u00e0 prendre toutes les mesures l\u00e9gislatives et institutionnelles visant \u00e0 autonomiser les femmes pour une participation active au processus de d\u00e9veloppement, conform\u00e9ment au programme de Son Excellence le Pr\u00e9sident de la R\u00e9publique, M. Mohamed Ould Cheikh El Ghazouani, &#8220;Taahoudati&#8221; (Mes Engagements).<\/p>\n<p>Ce programme insiste sur la participation politique en favorisant la parit\u00e9, en introduisant progressivement le principe de budg\u00e9tisation sensible au genre au niveau des secteurs minist\u00e9riels qui ont un impact sur la vie des femmes et en assurant leur acc\u00e8s aux services de sant\u00e9 reproductive, de la scolarisation et de l&#8217;autonomisation \u00e9conomique \u00e0 travers l&#8217;emploi et les activit\u00e9s g\u00e9n\u00e9ratrices de revenus, a ajout\u00e9 le Commissaire.<\/p>\n<p>Le repr\u00e9sentant du Haut-Commissaire aux Nations Unies pour les droits de l&#8217;homme en Mauritanie, M. Laurent Maillen, a f\u00e9licit\u00e9 dans son mot \u00e0 cet atelier, le gouvernement mauritanien pour son engagement et son travail continu pour accompagner le rythme des organismes des Nations Unies op\u00e9rant dans le domaine des droits de l&#8217;homme.<\/p>\n<p>Cet atelier sera l&#8217;occasion de passer en revue les recommandations finales du Comit\u00e9 des Nations Unies pour l&#8217;\u00e9limination de toutes les formes de discrimination \u00e0 l&#8217;\u00e9gard des femmes, a -t- il ajout\u00e9, soulignant la disponibilit\u00e9 de son organisme \u00e0 soutenir les efforts de la Mauritanie dans ce contexte.<\/p>\n<p>L&#8217;atelier a \u00e9t\u00e9 ouvert en pr\u00e9sence de la ministre de l\u2019Action Sociale, de l&#8217;Enfance et de la Famille, Mme Savia Mint N\u2019Tahah, du Commissaire adjoint aux Droits de l\u2019Homme, M. Rassoul Ould El Khal, du Pr\u00e9sident du Forum des Acteurs Non Etatiques, et d&#8217;un certain nombre de repr\u00e9sentants des organisations et organismes internationaux.<\/p>\n<\/div>\n<\/div>\n<\/div>\n<\/div>\n<\/div>\n<\/div>\n","protected":false},"excerpt":{"rendered":"<p>Le Commissaire aux Droits de l&#8217;Homme, \u00e0 l&#8217;Action Humanitaire et aux Relations avec la Soci\u00e9t\u00e9 Civile, M. Cheikh Ahmedou Ould Ahmed Salem Ould Sidi, a supervis\u00e9 mardi \u00e0 Nouakchott, le lancement des travaux d&#8217;un atelier de partage et de diffusion des observations finales et des recommandations du Comit\u00e9 des Nations Unies pour l&#8217;\u00e9limination de toutes [&hellip;]<\/p>\n","protected":false},"author":8,"featured_media":230902,"comment_status":"open","ping_status":"open","sticky":false,"template":"","format":"standard","meta":{"footnotes":""},"categories":[63918,63957],"tags":[],"class_list":["post-230901","post","type-post","status-publish","format-standard","has-post-thumbnail","hentry","category-autres","category-fil-dactualite"],"_links":{"self":[{"href":"https:\/\/ami.mr\/fr\/wp-json\/wp\/v2\/posts\/230901","targetHints":{"allow":["GET"]}}],"collection":[{"href":"https:\/\/ami.mr\/fr\/wp-json\/wp\/v2\/posts"}],"about":[{"href":"https:\/\/ami.mr\/fr\/wp-json\/wp\/v2\/types\/post"}],"author":[{"embeddable":true,"href":"https:\/\/ami.mr\/fr\/wp-json\/wp\/v2\/users\/8"}],"replies":[{"embeddable":true,"href":"https:\/\/ami.mr\/fr\/wp-json\/wp\/v2\/comments?post=230901"}],"version-history":[{"count":1,"href":"https:\/\/ami.mr\/fr\/wp-json\/wp\/v2\/posts\/230901\/revisions"}],"predecessor-version":[{"id":230903,"href":"https:\/\/ami.mr\/fr\/wp-json\/wp\/v2\/posts\/230901\/revisions\/230903"}],"wp:featuredmedia":[{"embeddable":true,"href":"https:\/\/ami.mr\/fr\/wp-json\/wp\/v2\/media\/230902"}],"wp:attachment":[{"href":"https:\/\/ami.mr\/fr\/wp-json\/wp\/v2\/media?parent=230901"}],"wp:term":[{"taxonomy":"category","embeddable":true,"href":"https:\/\/ami.mr\/fr\/wp-json\/wp\/v2\/categories?post=230901"},{"taxonomy":"post_tag","embeddable":true,"href":"https:\/\/ami.mr\/fr\/wp-json\/wp\/v2\/tags?post=230901"}],"curies":[{"name":"wp","href":"https:\/\/api.w.org\/{rel}","templated":true}]}}