{"id":230788,"date":"2023-10-02T15:08:59","date_gmt":"2023-10-02T15:08:59","guid":{"rendered":"https:\/\/ami.mr\/fr\/?p=230788"},"modified":"2023-10-02T15:08:59","modified_gmt":"2023-10-02T15:08:59","slug":"la-mauritanie-participe-a-paris-au-salon-touristique-top-risa","status":"publish","type":"post","link":"https:\/\/ami.mr\/fr\/archives\/230788","title":{"rendered":"La Mauritanie participe \u00e0 Paris au salon touristique \u00ab Top Risa \u00bb"},"content":{"rendered":"<p>Le ministre du Commerce, de l&#8217;Industrie, de l&#8217;Artisanat et du Tourisme, M. Lemrabott Ould Bennahi, a quitt\u00e9 Nouakchott lundi, \u00e0 destination de la capitale fran\u00e7aise, Paris. Au cours de cette visite, le ministre participera \u00e0 la quarante-cinqui\u00e8me \u00e9dition du salon touristique Top Risa, organis\u00e9e du 3 au 5 octobre de cette ann\u00e9e dans la ville de Versailles relevant de la m\u00e9tropole parisienne.<\/p>\n<p>&nbsp;<\/p>\n<p>Le ministre est accompagn\u00e9 dans ce d\u00e9placement par le directeur de la Programmation, des \u00c9tudes et de la Coop\u00e9ration au minist\u00e8re, M. Guiss\u00e9 Abou Dielel, et le directeur g\u00e9n\u00e9ral de l&#8217;Office National du Tourisme, M. Mahfoud Ould Jiyid.<\/p>\n","protected":false},"excerpt":{"rendered":"<p>Le ministre du Commerce, de l&#8217;Industrie, de l&#8217;Artisanat et du Tourisme, M. Lemrabott Ould Bennahi, a quitt\u00e9 Nouakchott lundi, \u00e0 destination de la capitale fran\u00e7aise, Paris. Au cours de cette visite, le ministre participera \u00e0 la quarante-cinqui\u00e8me \u00e9dition du salon touristique Top Risa, organis\u00e9e du 3 au 5 octobre de cette ann\u00e9e dans la ville [&hellip;]<\/p>\n","protected":false},"author":10,"featured_media":230789,"comment_status":"open","ping_status":"open","sticky":false,"template":"","format":"standard","meta":{"footnotes":""},"categories":[63918,63957,63926],"tags":[],"class_list":["post-230788","post","type-post","status-publish","format-standard","has-post-thumbnail","hentry","category-autres","category-fil-dactualite","category-slider-general"],"_links":{"self":[{"href":"https:\/\/ami.mr\/fr\/wp-json\/wp\/v2\/posts\/230788","targetHints":{"allow":["GET"]}}],"collection":[{"href":"https:\/\/ami.mr\/fr\/wp-json\/wp\/v2\/posts"}],"about":[{"href":"https:\/\/ami.mr\/fr\/wp-json\/wp\/v2\/types\/post"}],"author":[{"embeddable":true,"href":"https:\/\/ami.mr\/fr\/wp-json\/wp\/v2\/users\/10"}],"replies":[{"embeddable":true,"href":"https:\/\/ami.mr\/fr\/wp-json\/wp\/v2\/comments?post=230788"}],"version-history":[{"count":1,"href":"https:\/\/ami.mr\/fr\/wp-json\/wp\/v2\/posts\/230788\/revisions"}],"predecessor-version":[{"id":230790,"href":"https:\/\/ami.mr\/fr\/wp-json\/wp\/v2\/posts\/230788\/revisions\/230790"}],"wp:featuredmedia":[{"embeddable":true,"href":"https:\/\/ami.mr\/fr\/wp-json\/wp\/v2\/media\/230789"}],"wp:attachment":[{"href":"https:\/\/ami.mr\/fr\/wp-json\/wp\/v2\/media?parent=230788"}],"wp:term":[{"taxonomy":"category","embeddable":true,"href":"https:\/\/ami.mr\/fr\/wp-json\/wp\/v2\/categories?post=230788"},{"taxonomy":"post_tag","embeddable":true,"href":"https:\/\/ami.mr\/fr\/wp-json\/wp\/v2\/tags?post=230788"}],"curies":[{"name":"wp","href":"https:\/\/api.w.org\/{rel}","templated":true}]}}