{"id":230740,"date":"2023-09-30T18:35:56","date_gmt":"2023-09-30T18:35:56","guid":{"rendered":"https:\/\/ami.mr\/fr\/?p=230740"},"modified":"2023-09-30T21:02:52","modified_gmt":"2023-09-30T21:02:52","slug":"le-president-de-la-republique-felicite-son-homologue-nigerian-8","status":"publish","type":"post","link":"https:\/\/ami.mr\/fr\/archives\/230740","title":{"rendered":"Le Pr\u00e9sident de la R\u00e9publique f\u00e9licite son homologue nig\u00e9rian"},"content":{"rendered":"<div class=\"cell auto-size\">\n<div class=\"set-border bd-gray padding10 margin10 no-margin-right no-margin-left \" dir=\"ltr\">\n<p>Son Excellence le Pr\u00e9sident de la R\u00e9publique, M. Mohamed Ould Cheikh El Ghazouani, a dress\u00e9 samedi un message de f\u00e9licitations \u00e0 Son Excellence M. Bola Ahmed Tinubu, Pr\u00e9sident de la R\u00e9publique f\u00e9d\u00e9rale du Nigeria, \u00e0 l&#8217;occasion de la c\u00e9l\u00e9bration par son pays de sa f\u00eate nationale.<\/p>\n<p>Dans ce message, Son Excellence le Pr\u00e9sident a affirm\u00e9 son souci de poursuivre les efforts visant \u00e0 renforcer et d\u00e9velopper les relations de coop\u00e9ration existant entre les deux pays fr\u00e8res.<\/p>\n<p>Voici le texte de ce message :<\/p>\n<p>\u00ab Excellence et cher fr\u00e8re,<\/p>\n<p>\u00c0 l\u2019occasion de la c\u00e9l\u00e9bration par votre pays de sa F\u00eate nationale, j\u2019ai le plaisir d\u2019exprimer \u00e0 Votre Excellence mes plus chaleureuses f\u00e9licitations, en souhaitant au peuple fr\u00e8re nig\u00e9rian davantage de progr\u00e8s et de prosp\u00e9rit\u00e9.<\/p>\n<p>Je vous renouvelle \u00e9galement notre souci de poursuivre les efforts visant \u00e0 renforcer et d\u00e9velopper les relations de coop\u00e9ration existantes entre nos deux pays pour servir les int\u00e9r\u00eats de nos deux peuples fr\u00e8res. Veuillez agr\u00e9er, Excellence et cher fr\u00e8re, nos plus sinc\u00e8res salutations.<\/p>\n<p>Votre fr\u00e8re : Mohamed Ould Cheikh El Ghazouani.<\/p>\n<\/div>\n<\/div>\n","protected":false},"excerpt":{"rendered":"<p>Son Excellence le Pr\u00e9sident de la R\u00e9publique, M. Mohamed Ould Cheikh El Ghazouani, a dress\u00e9 samedi un message de f\u00e9licitations \u00e0 Son Excellence M. Bola Ahmed Tinubu, Pr\u00e9sident de la R\u00e9publique f\u00e9d\u00e9rale du Nigeria, \u00e0 l&#8217;occasion de la c\u00e9l\u00e9bration par son pays de sa f\u00eate nationale. Dans ce message, Son Excellence le Pr\u00e9sident a affirm\u00e9 [&hellip;]<\/p>\n","protected":false},"author":18,"featured_media":230750,"comment_status":"open","ping_status":"open","sticky":false,"template":"","format":"standard","meta":{"footnotes":""},"categories":[63919,63957,63921],"tags":[],"class_list":["post-230740","post","type-post","status-publish","format-standard","has-post-thumbnail","hentry","category-choix-du-redacteur","category-fil-dactualite","category-slider-afficher"],"_links":{"self":[{"href":"https:\/\/ami.mr\/fr\/wp-json\/wp\/v2\/posts\/230740","targetHints":{"allow":["GET"]}}],"collection":[{"href":"https:\/\/ami.mr\/fr\/wp-json\/wp\/v2\/posts"}],"about":[{"href":"https:\/\/ami.mr\/fr\/wp-json\/wp\/v2\/types\/post"}],"author":[{"embeddable":true,"href":"https:\/\/ami.mr\/fr\/wp-json\/wp\/v2\/users\/18"}],"replies":[{"embeddable":true,"href":"https:\/\/ami.mr\/fr\/wp-json\/wp\/v2\/comments?post=230740"}],"version-history":[{"count":1,"href":"https:\/\/ami.mr\/fr\/wp-json\/wp\/v2\/posts\/230740\/revisions"}],"predecessor-version":[{"id":230742,"href":"https:\/\/ami.mr\/fr\/wp-json\/wp\/v2\/posts\/230740\/revisions\/230742"}],"wp:featuredmedia":[{"embeddable":true,"href":"https:\/\/ami.mr\/fr\/wp-json\/wp\/v2\/media\/230750"}],"wp:attachment":[{"href":"https:\/\/ami.mr\/fr\/wp-json\/wp\/v2\/media?parent=230740"}],"wp:term":[{"taxonomy":"category","embeddable":true,"href":"https:\/\/ami.mr\/fr\/wp-json\/wp\/v2\/categories?post=230740"},{"taxonomy":"post_tag","embeddable":true,"href":"https:\/\/ami.mr\/fr\/wp-json\/wp\/v2\/tags?post=230740"}],"curies":[{"name":"wp","href":"https:\/\/api.w.org\/{rel}","templated":true}]}}