{"id":230737,"date":"2023-09-30T18:32:06","date_gmt":"2023-09-30T18:32:06","guid":{"rendered":"https:\/\/ami.mr\/fr\/?p=230737"},"modified":"2023-09-30T18:32:06","modified_gmt":"2023-09-30T18:32:06","slug":"le-president-de-la-republique-felicite-le-president-chypriote","status":"publish","type":"post","link":"https:\/\/ami.mr\/fr\/archives\/230737","title":{"rendered":"Le Pr\u00e9sident de la R\u00e9publique f\u00e9licite le Pr\u00e9sident chypriote"},"content":{"rendered":"<div class=\"cell auto-size\">\n<div class=\"set-border bd-gray padding10 margin10 no-margin-right no-margin-left \" dir=\"ltr\">\n<p>Son Excellence le Pr\u00e9sident de la R\u00e9publique, M. Mohamed Ould Cheikh El Ghazouani, a adress\u00e9 un message suivant de f\u00e9licitations \u00e0 Son Excellence M. Nikos Christodoulides, Pr\u00e9sident de la R\u00e9publique de Chypre, \u00e0 l&#8217;occasion de la c\u00e9l\u00e9bration par son pays de sa f\u00eate nationale.<\/p>\n<p>En voici la teneur :<\/p>\n<p>&#8220;Excellence,<\/p>\n<p>\u00c0 l\u2019occasion de la c\u00e9l\u00e9bration par votre pays de la F\u00eate nationale, j\u2019ai le plaisir d\u2019exprimer \u00e0 Votre Excellence mes plus chaleureuses f\u00e9licitations, en souhaitant au peuple chypriote ami davantage de progr\u00e8s et de prosp\u00e9rit\u00e9.<\/p>\n<p>Je vous renouvelle \u00e9galement notre volont\u00e9 de poursuivre les efforts visant \u00e0 renforcer et d\u00e9velopper les relations de coop\u00e9ration existant entre nos deux pays pour servir les int\u00e9r\u00eats de nos deux peuples amis. Veuillez agr\u00e9er, Excellence, nos plus hautes expressions de gratitude. Mohamed Ould Cheikh El Ghazouani<\/p>\n<\/div>\n<\/div>\n","protected":false},"excerpt":{"rendered":"<p>Son Excellence le Pr\u00e9sident de la R\u00e9publique, M. Mohamed Ould Cheikh El Ghazouani, a adress\u00e9 un message suivant de f\u00e9licitations \u00e0 Son Excellence M. Nikos Christodoulides, Pr\u00e9sident de la R\u00e9publique de Chypre, \u00e0 l&#8217;occasion de la c\u00e9l\u00e9bration par son pays de sa f\u00eate nationale. En voici la teneur : &#8220;Excellence, \u00c0 l\u2019occasion de la c\u00e9l\u00e9bration [&hellip;]<\/p>\n","protected":false},"author":18,"featured_media":230738,"comment_status":"open","ping_status":"open","sticky":false,"template":"","format":"standard","meta":{"footnotes":""},"categories":[63919,63957,63921],"tags":[],"class_list":["post-230737","post","type-post","status-publish","format-standard","has-post-thumbnail","hentry","category-choix-du-redacteur","category-fil-dactualite","category-slider-afficher"],"_links":{"self":[{"href":"https:\/\/ami.mr\/fr\/wp-json\/wp\/v2\/posts\/230737","targetHints":{"allow":["GET"]}}],"collection":[{"href":"https:\/\/ami.mr\/fr\/wp-json\/wp\/v2\/posts"}],"about":[{"href":"https:\/\/ami.mr\/fr\/wp-json\/wp\/v2\/types\/post"}],"author":[{"embeddable":true,"href":"https:\/\/ami.mr\/fr\/wp-json\/wp\/v2\/users\/18"}],"replies":[{"embeddable":true,"href":"https:\/\/ami.mr\/fr\/wp-json\/wp\/v2\/comments?post=230737"}],"version-history":[{"count":1,"href":"https:\/\/ami.mr\/fr\/wp-json\/wp\/v2\/posts\/230737\/revisions"}],"predecessor-version":[{"id":230739,"href":"https:\/\/ami.mr\/fr\/wp-json\/wp\/v2\/posts\/230737\/revisions\/230739"}],"wp:featuredmedia":[{"embeddable":true,"href":"https:\/\/ami.mr\/fr\/wp-json\/wp\/v2\/media\/230738"}],"wp:attachment":[{"href":"https:\/\/ami.mr\/fr\/wp-json\/wp\/v2\/media?parent=230737"}],"wp:term":[{"taxonomy":"category","embeddable":true,"href":"https:\/\/ami.mr\/fr\/wp-json\/wp\/v2\/categories?post=230737"},{"taxonomy":"post_tag","embeddable":true,"href":"https:\/\/ami.mr\/fr\/wp-json\/wp\/v2\/tags?post=230737"}],"curies":[{"name":"wp","href":"https:\/\/api.w.org\/{rel}","templated":true}]}}