{"id":230325,"date":"2023-09-23T11:03:48","date_gmt":"2023-09-23T11:03:48","guid":{"rendered":"https:\/\/ami.mr\/fr\/?p=230325"},"modified":"2023-09-23T11:04:23","modified_gmt":"2023-09-23T11:04:23","slug":"lacademie-diplomatique-organise-une-conference-sur-la-politique-diplomatique-de-la-mauritanie","status":"publish","type":"post","link":"https:\/\/ami.mr\/fr\/archives\/230325","title":{"rendered":"L\u2019Acad\u00e9mie diplomatique organise une conf\u00e9rence sur la politique diplomatique de la Mauritanie"},"content":{"rendered":"<p>L&#8217;Acad\u00e9mie diplomatique de Mauritanie a organis\u00e9, vendredi soir, \u00e0 son si\u00e8ge, \u00e0 Nouakchott, une conf\u00e9rence intitul\u00e9e \u00ab La politique \u00e9trang\u00e8re mauritanienne \u00e0 la lumi\u00e8re du discours de Son Excellence le Pr\u00e9sident de la R\u00e9publique, M. Mohamed Ould Cheikh El Ghazouani, \u00e0 la soixante-dix-huiti\u00e8me session de l&#8217;Assembl\u00e9e g\u00e9n\u00e9rale des Nations Unies \u00bb, pr\u00e9sent\u00e9 par l&#8217;ambassadeur Adnan Ould Salem, directeur des affaires asiatiques au minist\u00e8re des Affaires \u00e9trang\u00e8res.<\/p>\n<p>La conf\u00e9rence a abord\u00e9 le r\u00f4le de la diplomatie pr\u00e9sidentielle dans le renforcement de la position de la Mauritanie dans les ar\u00e8nes internationales \u00e0 travers la participation du Pr\u00e9sident de la R\u00e9publique \u00e0 diverses conf\u00e9rences et r\u00e9unions internationales, et les rencontres qu&#8217;il tient avec les chefs d&#8217;Etat et de gouvernement lors de ces conf\u00e9rences.<\/p>\n<p>Le conf\u00e9rencier a abord\u00e9 les th\u00e8mes fondamentaux du discours de Son Excellence le Pr\u00e9sident de la R\u00e9publique, soulignant son importance comme r\u00e9f\u00e9rence essentielle en mati\u00e8re de politique \u00e9trang\u00e8re et l&#8217;expliquant \u00e0 la lumi\u00e8re des caract\u00e9ristiques et les constances de la politique \u00e9trang\u00e8re mauritanienne bas\u00e9e sur le bon voisinage, la coop\u00e9ration internationale, la r\u00e9solution des diff\u00e9rends par des moyens pacifiques et la participation \u00e0 des groupements r\u00e9gionaux.<\/p>\n<p>Dans ce contexte, le conf\u00e9rencier a pass\u00e9 en revue les tendances et les pr\u00e9occupations de la politique \u00e9trang\u00e8re mauritanienne aux niveaux arabe, africain et international, ainsi que les positions de la Mauritanie sur les grandes questions qui concernent l&#8217;humanit\u00e9, telles que les crises internationales, les questions climatiques et environnementales, les objectifs de d\u00e9veloppement durable, la r\u00e9forme des Nations Unies, et d&#8217;autres questions exprim\u00e9es par Son Excellence le Pr\u00e9sident de la R\u00e9publique.<\/p>\n<p>En marge de la conf\u00e9rence, une c\u00e9r\u00e9monie a \u00e9t\u00e9 organis\u00e9e pour d\u00e9cerner des attestations aux participants \u00e0 une formation dans le domaine du protocole, organis\u00e9e auparavant par l&#8217;Acad\u00e9mie diplomatique au profit de certains employ\u00e9s des d\u00e9partements minist\u00e9riels.<\/p>\n<p>La conf\u00e9rence s&#8217;est d\u00e9roul\u00e9e en pr\u00e9sence du pr\u00e9sident du conseil d&#8217;administration de l&#8217;Acad\u00e9mie diplomatique et de son directeur g\u00e9n\u00e9ral, de plusieurs responsables du minist\u00e8re des Affaires \u00e9trang\u00e8res et de la Coop\u00e9ration, de Mauritaniens de l&#8217;Ext\u00e9rieur et d\u2019anciens diplomates.<\/p>\n","protected":false},"excerpt":{"rendered":"<p>L&#8217;Acad\u00e9mie diplomatique de Mauritanie a organis\u00e9, vendredi soir, \u00e0 son si\u00e8ge, \u00e0 Nouakchott, une conf\u00e9rence intitul\u00e9e \u00ab La politique \u00e9trang\u00e8re mauritanienne \u00e0 la lumi\u00e8re du discours de Son Excellence le Pr\u00e9sident de la R\u00e9publique, M. Mohamed Ould Cheikh El Ghazouani, \u00e0 la soixante-dix-huiti\u00e8me session de l&#8217;Assembl\u00e9e g\u00e9n\u00e9rale des Nations Unies \u00bb, pr\u00e9sent\u00e9 par l&#8217;ambassadeur Adnan [&hellip;]<\/p>\n","protected":false},"author":16,"featured_media":230326,"comment_status":"open","ping_status":"open","sticky":false,"template":"","format":"standard","meta":{"footnotes":""},"categories":[63918,63957,63959],"tags":[],"class_list":["post-230325","post","type-post","status-publish","format-standard","has-post-thumbnail","hentry","category-autres","category-fil-dactualite","category-mauritanie"],"_links":{"self":[{"href":"https:\/\/ami.mr\/fr\/wp-json\/wp\/v2\/posts\/230325","targetHints":{"allow":["GET"]}}],"collection":[{"href":"https:\/\/ami.mr\/fr\/wp-json\/wp\/v2\/posts"}],"about":[{"href":"https:\/\/ami.mr\/fr\/wp-json\/wp\/v2\/types\/post"}],"author":[{"embeddable":true,"href":"https:\/\/ami.mr\/fr\/wp-json\/wp\/v2\/users\/16"}],"replies":[{"embeddable":true,"href":"https:\/\/ami.mr\/fr\/wp-json\/wp\/v2\/comments?post=230325"}],"version-history":[{"count":2,"href":"https:\/\/ami.mr\/fr\/wp-json\/wp\/v2\/posts\/230325\/revisions"}],"predecessor-version":[{"id":230328,"href":"https:\/\/ami.mr\/fr\/wp-json\/wp\/v2\/posts\/230325\/revisions\/230328"}],"wp:featuredmedia":[{"embeddable":true,"href":"https:\/\/ami.mr\/fr\/wp-json\/wp\/v2\/media\/230326"}],"wp:attachment":[{"href":"https:\/\/ami.mr\/fr\/wp-json\/wp\/v2\/media?parent=230325"}],"wp:term":[{"taxonomy":"category","embeddable":true,"href":"https:\/\/ami.mr\/fr\/wp-json\/wp\/v2\/categories?post=230325"},{"taxonomy":"post_tag","embeddable":true,"href":"https:\/\/ami.mr\/fr\/wp-json\/wp\/v2\/tags?post=230325"}],"curies":[{"name":"wp","href":"https:\/\/api.w.org\/{rel}","templated":true}]}}