{"id":230322,"date":"2023-09-23T10:44:06","date_gmt":"2023-09-23T10:44:06","guid":{"rendered":"https:\/\/ami.mr\/fr\/?p=230322"},"modified":"2023-09-23T10:44:06","modified_gmt":"2023-09-23T10:44:06","slug":"le-ministre-des-affaires-etrangeres-rencontre-son-homologue-omanais-2","status":"publish","type":"post","link":"https:\/\/ami.mr\/fr\/archives\/230322","title":{"rendered":"Le ministre des Affaires \u00e9trang\u00e8res rencontre son homologue omanais"},"content":{"rendered":"<p>Le ministre des Affaires \u00e9trang\u00e8res, de la Coop\u00e9ration et des Mauritaniens de l&#8217;Ext\u00e9rieur, M. Mohamed Salem Ould Merzoug, s&#8217;est entretenu vendredi soir \u00e0 New York avec SEM. Badr al-Busaidi, ministre des Affaires \u00e9trang\u00e8res du sultanat fr\u00e8re d&#8217;Oman.<\/p>\n<p>La r\u00e9union a port\u00e9 sur les moyens susceptibles de renforcer les relations de coop\u00e9ration entre les deux pays fr\u00e8res dans divers domaines, ainsi que sur les questions r\u00e9gionales et internationales d&#8217;int\u00e9r\u00eat commun.<\/p>\n<p>La rencontre, qui s&#8217;est d\u00e9roul\u00e9e en marge de la 78\u00e8me session de l&#8217;Assembl\u00e9e g\u00e9n\u00e9rale des Nations Unies, s&#8217;est d\u00e9roul\u00e9e en pr\u00e9sence de SEM. Sidi Mohamed Lagdhaf, ambassadeur et repr\u00e9sentant permanent de la Mauritanie aupr\u00e8s des Nations Unies.<\/p>\n<p>AOS\/<\/p>\n","protected":false},"excerpt":{"rendered":"<p>Le ministre des Affaires \u00e9trang\u00e8res, de la Coop\u00e9ration et des Mauritaniens de l&#8217;Ext\u00e9rieur, M. Mohamed Salem Ould Merzoug, s&#8217;est entretenu vendredi soir \u00e0 New York avec SEM. Badr al-Busaidi, ministre des Affaires \u00e9trang\u00e8res du sultanat fr\u00e8re d&#8217;Oman. La r\u00e9union a port\u00e9 sur les moyens susceptibles de renforcer les relations de coop\u00e9ration entre les deux pays [&hellip;]<\/p>\n","protected":false},"author":16,"featured_media":230323,"comment_status":"open","ping_status":"open","sticky":false,"template":"","format":"standard","meta":{"footnotes":""},"categories":[63918,63957,25],"tags":[],"class_list":["post-230322","post","type-post","status-publish","format-standard","has-post-thumbnail","hentry","category-autres","category-fil-dactualite","category-25"],"_links":{"self":[{"href":"https:\/\/ami.mr\/fr\/wp-json\/wp\/v2\/posts\/230322","targetHints":{"allow":["GET"]}}],"collection":[{"href":"https:\/\/ami.mr\/fr\/wp-json\/wp\/v2\/posts"}],"about":[{"href":"https:\/\/ami.mr\/fr\/wp-json\/wp\/v2\/types\/post"}],"author":[{"embeddable":true,"href":"https:\/\/ami.mr\/fr\/wp-json\/wp\/v2\/users\/16"}],"replies":[{"embeddable":true,"href":"https:\/\/ami.mr\/fr\/wp-json\/wp\/v2\/comments?post=230322"}],"version-history":[{"count":1,"href":"https:\/\/ami.mr\/fr\/wp-json\/wp\/v2\/posts\/230322\/revisions"}],"predecessor-version":[{"id":230324,"href":"https:\/\/ami.mr\/fr\/wp-json\/wp\/v2\/posts\/230322\/revisions\/230324"}],"wp:featuredmedia":[{"embeddable":true,"href":"https:\/\/ami.mr\/fr\/wp-json\/wp\/v2\/media\/230323"}],"wp:attachment":[{"href":"https:\/\/ami.mr\/fr\/wp-json\/wp\/v2\/media?parent=230322"}],"wp:term":[{"taxonomy":"category","embeddable":true,"href":"https:\/\/ami.mr\/fr\/wp-json\/wp\/v2\/categories?post=230322"},{"taxonomy":"post_tag","embeddable":true,"href":"https:\/\/ami.mr\/fr\/wp-json\/wp\/v2\/tags?post=230322"}],"curies":[{"name":"wp","href":"https:\/\/api.w.org\/{rel}","templated":true}]}}