{"id":229919,"date":"2023-09-18T17:58:25","date_gmt":"2023-09-18T17:58:25","guid":{"rendered":"https:\/\/ami.mr\/fr\/?p=229919"},"modified":"2023-09-18T17:58:25","modified_gmt":"2023-09-18T17:58:25","slug":"le-rapporteur-special-onusien-charge-des-formes-desclavage-loue-les-efforts-de-la-mauritanie","status":"publish","type":"post","link":"https:\/\/ami.mr\/fr\/archives\/229919","title":{"rendered":"Le rapporteur sp\u00e9cial onusien charg\u00e9 des formes d\u2019esclavage loue les efforts de la Mauritanie"},"content":{"rendered":"<div class=\"row\">\n<div class=\"cell auto-size padding20 no-padding-left no-padding-right no-padding-bottom flex-just-center\">\n<div class=\"bg-green fg-white padding10 margin10 block-shadow-error\"><\/div>\n<\/div>\n<\/div>\n<div class=\"row\">\n<div class=\"cell auto-size\">\n<div class=\"set-border bd-gray padding10 margin10 no-margin-right no-margin-left \" dir=\"ltr\">\n<p>Le pr\u00e9sident de la Commission nationale des droits de l&#8217;homme, M. Ahmed Salem Ould Bouhebeini, a exprim\u00e9, lundi \u00e0 Gen\u00e8ve, sa satisfaction quant au discours du rapporteur sp\u00e9cial des Nations Unies sur les formes contemporaines d&#8217;esclavage, M. Tomoya Abukata.<\/p>\n<p>Le diplomate s\u2019est exprim\u00e9 devant la 54\u00e8me session du Conseil des Droits de l&#8217;Homme des Nations Unies, o\u00f9 il a r\u00e9cemment salu\u00e9 les efforts de la Mauritanie dans le domaine de la lutte contre l&#8217;esclavage, estimant que ces efforts doivent servir de mod\u00e8le dans cette r\u00e9gion.<\/p>\n<p>Dans un mot prononc\u00e9 pour la circonstance, Ould Bouhebeini a indiqu\u00e9 qu&#8217;il convient de souligner que ces efforts, appr\u00e9ci\u00e9s par les Nations Unies, ne viennent ni du vide ni d&#8217;une co\u00efncidence, ils sont plut\u00f4t le r\u00e9sultat d\u2019efforts inlassables r\u00e9alis\u00e9s par le gouvernement mauritanien appuy\u00e9 par ses autorit\u00e9s r\u00e9gionales administratives, judiciaires et s\u00e9curitaires.<\/p>\n<p>Il a indiqu\u00e9 que le gouvernement mauritanien a consenti d&#8217;importants efforts successifs dans les domaines de la sensibilisation \u00e0 la base, de la concertation avec soci\u00e9t\u00e9 civile, de la cr\u00e9ation d&#8217;organismes et d&#8217;institutions li\u00e9s \u00e0 la lutte contre les s\u00e9quelles de l&#8217;esclavage et de l&#8217;adoption de lois dissuasives, en plus de la cr\u00e9ation de tribunaux comp\u00e9tents et des d\u00e9cisions judiciaires efficaces.<\/p>\n<p>Le pr\u00e9sident de la commission des droits de l\u2019homme a exprim\u00e9 sa satisfaction du discours du rapporteur dans lequel il appr\u00e9cie les progr\u00e8s r\u00e9alis\u00e9s par la Mauritanie dans le domaine de la lutte contre l&#8217;esclavage, un mod\u00e8le \u00e0 imiter dans la r\u00e9gion.<\/p>\n<p>\u2018\u2019Cependant, si nous constatons cette satisfaction, l&#8217;objectivit\u00e9 nous interpelle \u00e0 reconna\u00eetre qu&#8217;il reste de longs pas \u00e0 franchir avec la m\u00eame d\u00e9termination et le m\u00eame s\u00e9rieux, notamment au niveau de la lutte contre la marginalisation, la lutte contre la pauvret\u00e9 dans les zones rurales, les villages et les quartiers fragiles, mais, aussi, contre le gaspillage. L&#8217;esclavage, ce ph\u00e9nom\u00e8ne qui a entra\u00een\u00e9 l\u2019ignorance, l&#8217;absence d\u2019acc\u00e8s aux services de sant\u00e9, d&#8217;eau et d&#8217;\u00e9lectricit\u00e9, l\u2019isolement\u2019\u2019, ajoute le pr\u00e9sident de la commission.<\/p>\n<p>Il a soulign\u00e9 la n\u00e9cessit\u00e9 de \u2018\u2019mettre en place avoir un m\u00e9canisme de traitement qui tienne compte des niveaux \u00e9conomiques et sociaux, afin d&#8217;atteindre, entre autres l&#8217;\u00e9galit\u00e9 devant la justice, dans les opportunit\u00e9s d&#8217;emploi et dans l&#8217;acc\u00e8s \u00e0 l&#8217;emploi public, ajoutant \u2018\u2019tout en f\u00e9licitant les autorit\u00e9s pour la conviction et la volont\u00e9 affich\u00e9es face \u00e0 tous ces probl\u00e8mes, f\u00e9licitons-nous, \u00e9galement, des efforts d\u00e9ploy\u00e9s tous azimuts\u2019\u2019.<\/p>\n<p>Ces efforts concernent la protection les droits, le combat contre les violations de ces droits, les plaidoyers aupr\u00e8s des organisations de d\u00e9fense des droits de l&#8217;homme au niveau local, et la mobilisation des partenaires onusiens et autres afin de donner image r\u00e9elle de la situation des droits de l&#8217;homme et chercher \u00e0 trouver un soutien aux efforts d\u00e9ploy\u00e9s en Mauritanie.<\/p>\n<p>Ould Bouhoubeini a soulign\u00e9 que, dans le cadre des efforts susmentionn\u00e9s, la commission a r\u00e9ussi \u00e0 barrer le chemin devant ceux qui tiennent des discours tendancieux qui ne servent ni la nation ni les victimes elles-m\u00eames, cr\u00e9ant une nouvelle g\u00e9n\u00e9ration de militants s\u00e9rieux des droits de l&#8217;homme qui mettent les int\u00e9r\u00eats de la nation devant les int\u00e9r\u00eats personnels.<\/p>\n<\/div>\n<\/div>\n<\/div>\n","protected":false},"excerpt":{"rendered":"<p>Le pr\u00e9sident de la Commission nationale des droits de l&#8217;homme, M. Ahmed Salem Ould Bouhebeini, a exprim\u00e9, lundi \u00e0 Gen\u00e8ve, sa satisfaction quant au discours du rapporteur sp\u00e9cial des Nations Unies sur les formes contemporaines d&#8217;esclavage, M. Tomoya Abukata. Le diplomate s\u2019est exprim\u00e9 devant la 54\u00e8me session du Conseil des Droits de l&#8217;Homme des Nations [&hellip;]<\/p>\n","protected":false},"author":18,"featured_media":229920,"comment_status":"open","ping_status":"open","sticky":false,"template":"","format":"standard","meta":{"footnotes":""},"categories":[63920,63919,63957],"tags":[],"class_list":["post-229919","post","type-post","status-publish","format-standard","has-post-thumbnail","hentry","category-a-la-une","category-choix-du-redacteur","category-fil-dactualite"],"_links":{"self":[{"href":"https:\/\/ami.mr\/fr\/wp-json\/wp\/v2\/posts\/229919","targetHints":{"allow":["GET"]}}],"collection":[{"href":"https:\/\/ami.mr\/fr\/wp-json\/wp\/v2\/posts"}],"about":[{"href":"https:\/\/ami.mr\/fr\/wp-json\/wp\/v2\/types\/post"}],"author":[{"embeddable":true,"href":"https:\/\/ami.mr\/fr\/wp-json\/wp\/v2\/users\/18"}],"replies":[{"embeddable":true,"href":"https:\/\/ami.mr\/fr\/wp-json\/wp\/v2\/comments?post=229919"}],"version-history":[{"count":1,"href":"https:\/\/ami.mr\/fr\/wp-json\/wp\/v2\/posts\/229919\/revisions"}],"predecessor-version":[{"id":229921,"href":"https:\/\/ami.mr\/fr\/wp-json\/wp\/v2\/posts\/229919\/revisions\/229921"}],"wp:featuredmedia":[{"embeddable":true,"href":"https:\/\/ami.mr\/fr\/wp-json\/wp\/v2\/media\/229920"}],"wp:attachment":[{"href":"https:\/\/ami.mr\/fr\/wp-json\/wp\/v2\/media?parent=229919"}],"wp:term":[{"taxonomy":"category","embeddable":true,"href":"https:\/\/ami.mr\/fr\/wp-json\/wp\/v2\/categories?post=229919"},{"taxonomy":"post_tag","embeddable":true,"href":"https:\/\/ami.mr\/fr\/wp-json\/wp\/v2\/tags?post=229919"}],"curies":[{"name":"wp","href":"https:\/\/api.w.org\/{rel}","templated":true}]}}