{"id":229915,"date":"2023-09-18T16:22:05","date_gmt":"2023-09-18T16:22:05","guid":{"rendered":"https:\/\/ami.mr\/fr\/?p=229915"},"modified":"2023-09-18T16:22:05","modified_gmt":"2023-09-18T16:22:05","slug":"sensibilisation-au-hodh-chargui-sur-les-dangers-de-la-traite-des-personnes","status":"publish","type":"post","link":"https:\/\/ami.mr\/fr\/archives\/229915","title":{"rendered":"Sensibilisation au Hodh Chargui sur les dangers de la traite des personnes"},"content":{"rendered":"<div class=\"cell size-p10 padding20 no-padding-left no-padding-right no-padding-bottom\"><\/div>\n<p>&nbsp;<\/p>\n<div class=\"cell auto-size\">\n<div class=\"set-border bd-gray padding10 margin10 no-margin-right no-margin-left \" dir=\"ltr\">\n<p>Le forum r\u00e9gional de la soci\u00e9t\u00e9 civile au Hodh Chargui, en coop\u00e9ration avec le m\u00e9canisme national de lutte contre la traite des personnes et le trafic de migrants, a lanc\u00e9, lundi \u00e0 Nema, un convoi de sensibilisation au danger de la traite des \u00eatres humains.<\/p>\n<p>&nbsp;<\/p>\n<p>&nbsp;<\/p>\n<p>&nbsp;<\/p>\n<p>Ce convoi, qui parcourra tous les moughataas de la Wilaya, a pour objectif de sensibiliser les habitants aux dangers de la traite des \u00eatres humains, aux lois criminalisant cette pratique et aux sanctions encourues par les auteurs de ces pratiques.<\/p>\n<p>&nbsp;<\/p>\n<p>&nbsp;<\/p>\n<p>&nbsp;<\/p>\n<p>Dans un mot prononc\u00e9 pour la circonstance, le directeur de cabinet du wali du du Hodh Chargui, M. Abderrahmane Ahmed Daddah, a soulign\u00e9 le danger de la traite des \u00eatres humains et les pratiques qui y sont associ\u00e9es, exprimant la disposition des autorit\u00e9s locales \u00e0 soutenir les efforts de la soci\u00e9t\u00e9 civile et \u00e0 assurer les conditions propices au succ\u00e8s de cette caravane de sensibilisation.<\/p>\n<p>&nbsp;<\/p>\n<p>&nbsp;<\/p>\n<p>&nbsp;<\/p>\n<p>La pr\u00e9sidente du forum r\u00e9gional de la soci\u00e9t\u00e9 civile de la Wilaya, Mme Hindou mint Cheikh Tourad, avait pr\u00e9c\u00e9demment salu\u00e9 l&#8217;interaction positive des autorit\u00e9s locales avec la soci\u00e9t\u00e9 civile, mettant en exergue les efforts d\u00e9ploy\u00e9s par les autorit\u00e9s sup\u00e9rieures pour lutter contre la traite des \u00eatres humains.<\/p>\n<p>&nbsp;<\/p>\n<p>&nbsp;<\/p>\n<p>&nbsp;<\/p>\n<p>Elle a d\u00e9clar\u00e9 que ce convoi parcourra toutes les moughataas, municipalit\u00e9s et communaut\u00e9s villageoises de la Wilaya afin de renforcer les efforts de mobilisation et \u00e9liminer la traite des \u00eatres humains et le trafic de migrants.<\/p>\n<\/div>\n<\/div>\n","protected":false},"excerpt":{"rendered":"<p>&nbsp; Le forum r\u00e9gional de la soci\u00e9t\u00e9 civile au Hodh Chargui, en coop\u00e9ration avec le m\u00e9canisme national de lutte contre la traite des personnes et le trafic de migrants, a lanc\u00e9, lundi \u00e0 Nema, un convoi de sensibilisation au danger de la traite des \u00eatres humains. &nbsp; &nbsp; &nbsp; Ce convoi, qui parcourra tous les [&hellip;]<\/p>\n","protected":false},"author":10,"featured_media":229916,"comment_status":"open","ping_status":"open","sticky":false,"template":"","format":"standard","meta":{"footnotes":""},"categories":[63918,63957,63923,8672],"tags":[],"class_list":["post-229915","post","type-post","status-publish","format-standard","has-post-thumbnail","hentry","category-autres","category-fil-dactualite","category-slider-wilayas","category-8672"],"_links":{"self":[{"href":"https:\/\/ami.mr\/fr\/wp-json\/wp\/v2\/posts\/229915","targetHints":{"allow":["GET"]}}],"collection":[{"href":"https:\/\/ami.mr\/fr\/wp-json\/wp\/v2\/posts"}],"about":[{"href":"https:\/\/ami.mr\/fr\/wp-json\/wp\/v2\/types\/post"}],"author":[{"embeddable":true,"href":"https:\/\/ami.mr\/fr\/wp-json\/wp\/v2\/users\/10"}],"replies":[{"embeddable":true,"href":"https:\/\/ami.mr\/fr\/wp-json\/wp\/v2\/comments?post=229915"}],"version-history":[{"count":1,"href":"https:\/\/ami.mr\/fr\/wp-json\/wp\/v2\/posts\/229915\/revisions"}],"predecessor-version":[{"id":229917,"href":"https:\/\/ami.mr\/fr\/wp-json\/wp\/v2\/posts\/229915\/revisions\/229917"}],"wp:featuredmedia":[{"embeddable":true,"href":"https:\/\/ami.mr\/fr\/wp-json\/wp\/v2\/media\/229916"}],"wp:attachment":[{"href":"https:\/\/ami.mr\/fr\/wp-json\/wp\/v2\/media?parent=229915"}],"wp:term":[{"taxonomy":"category","embeddable":true,"href":"https:\/\/ami.mr\/fr\/wp-json\/wp\/v2\/categories?post=229915"},{"taxonomy":"post_tag","embeddable":true,"href":"https:\/\/ami.mr\/fr\/wp-json\/wp\/v2\/tags?post=229915"}],"curies":[{"name":"wp","href":"https:\/\/api.w.org\/{rel}","templated":true}]}}