{"id":229708,"date":"2023-09-14T15:57:37","date_gmt":"2023-09-14T15:57:37","guid":{"rendered":"https:\/\/ami.mr\/fr\/?p=229708"},"modified":"2023-09-14T15:57:37","modified_gmt":"2023-09-14T15:57:37","slug":"le-directeur-general-de-lagence-judiciaire-de-letat-prete-serment","status":"publish","type":"post","link":"https:\/\/ami.mr\/fr\/archives\/229708","title":{"rendered":"Le directeur g\u00e9n\u00e9ral de l&#8217;Agence judiciaire de l&#8217;\u00c9tat pr\u00eate serment"},"content":{"rendered":"<p>Le directeur g\u00e9n\u00e9ral de l&#8217;Agence judiciaire de l\u2019\u00c9tat, M. Mohamed Melainine Ould Khalifa, a pr\u00eat\u00e9 serment aujourd&#8217;hui, jeudi au cours d&#8217;une audience publique au si\u00e8ge de la Cour supr\u00eame, devant le pr\u00e9sident de cette Cour, M. Cheikh Ahmed Ould Sid Ahmed.<\/p>\n<p>&nbsp;<\/p>\n<p>Le pr\u00e9sident de la Cour Supr\u00eame a demand\u00e9 au directeur g\u00e9n\u00e9ral de l&#8217;Agence judiciaire de l&#8217;\u00c9tat de se tenir devant lui, de lever la main droite et de lire le serment suivant : \u00ab Je jure par Allah, le Tout-Puissant que j&#8217;accomplirai pleinement et sinc\u00e8rement mon devoir, et que je l&#8217;exercerai en toute impartialit\u00e9 conform\u00e9ment \u00e0 la Constitution et aux lois de la R\u00e9publique Islamique de Mauritanie, et que je garderai le secret des d\u00e9lib\u00e9rations m\u00eame apr\u00e8s la fin de ma mission.<\/p>\n<p>&nbsp;<\/p>\n<p>Ensuite, le pr\u00e9sident de la Cour supr\u00eame, pr\u00e9sident de l&#8217;audience, a d\u00e9clar\u00e9 l&#8217;int\u00e9ress\u00e9 install\u00e9 dans ses fonctions.<\/p>\n<p>&nbsp;<\/p>\n<p>La s\u00e9ance s\u2019est d\u00e9roul\u00e9e en pr\u00e9sence du secr\u00e9taire g\u00e9n\u00e9ral de la Cour supr\u00eame, M. Amadou Youssouf Diallo, du b\u00e2tonnier de l&#8217;Ordre national des avocats, M. Bouna Ould El Hassan, ainsi que d&#8217;un certain nombre d&#8217;anciens b\u00e2tonniers et d\u2019avocats.<\/p>\n","protected":false},"excerpt":{"rendered":"<p>Le directeur g\u00e9n\u00e9ral de l&#8217;Agence judiciaire de l\u2019\u00c9tat, M. Mohamed Melainine Ould Khalifa, a pr\u00eat\u00e9 serment aujourd&#8217;hui, jeudi au cours d&#8217;une audience publique au si\u00e8ge de la Cour supr\u00eame, devant le pr\u00e9sident de cette Cour, M. Cheikh Ahmed Ould Sid Ahmed. &nbsp; Le pr\u00e9sident de la Cour Supr\u00eame a demand\u00e9 au directeur g\u00e9n\u00e9ral de l&#8217;Agence [&hellip;]<\/p>\n","protected":false},"author":10,"featured_media":229709,"comment_status":"open","ping_status":"open","sticky":false,"template":"","format":"standard","meta":{"footnotes":""},"categories":[63918,63957,63959,63927],"tags":[],"class_list":["post-229708","post","type-post","status-publish","format-standard","has-post-thumbnail","hentry","category-autres","category-fil-dactualite","category-mauritanie","category-slider-mauritanie"],"_links":{"self":[{"href":"https:\/\/ami.mr\/fr\/wp-json\/wp\/v2\/posts\/229708","targetHints":{"allow":["GET"]}}],"collection":[{"href":"https:\/\/ami.mr\/fr\/wp-json\/wp\/v2\/posts"}],"about":[{"href":"https:\/\/ami.mr\/fr\/wp-json\/wp\/v2\/types\/post"}],"author":[{"embeddable":true,"href":"https:\/\/ami.mr\/fr\/wp-json\/wp\/v2\/users\/10"}],"replies":[{"embeddable":true,"href":"https:\/\/ami.mr\/fr\/wp-json\/wp\/v2\/comments?post=229708"}],"version-history":[{"count":1,"href":"https:\/\/ami.mr\/fr\/wp-json\/wp\/v2\/posts\/229708\/revisions"}],"predecessor-version":[{"id":229710,"href":"https:\/\/ami.mr\/fr\/wp-json\/wp\/v2\/posts\/229708\/revisions\/229710"}],"wp:featuredmedia":[{"embeddable":true,"href":"https:\/\/ami.mr\/fr\/wp-json\/wp\/v2\/media\/229709"}],"wp:attachment":[{"href":"https:\/\/ami.mr\/fr\/wp-json\/wp\/v2\/media?parent=229708"}],"wp:term":[{"taxonomy":"category","embeddable":true,"href":"https:\/\/ami.mr\/fr\/wp-json\/wp\/v2\/categories?post=229708"},{"taxonomy":"post_tag","embeddable":true,"href":"https:\/\/ami.mr\/fr\/wp-json\/wp\/v2\/tags?post=229708"}],"curies":[{"name":"wp","href":"https:\/\/api.w.org\/{rel}","templated":true}]}}