{"id":229596,"date":"2023-09-12T19:11:32","date_gmt":"2023-09-12T19:11:32","guid":{"rendered":"https:\/\/ami.mr\/fr\/?p=229596"},"modified":"2023-09-12T19:11:32","modified_gmt":"2023-09-12T19:11:32","slug":"la-commissaire-passe-en-revue-la-strategie-de-securite-alimentaire-de-la-mauritanie","status":"publish","type":"post","link":"https:\/\/ami.mr\/fr\/archives\/229596","title":{"rendered":"La Commissaire passe en revue la strat\u00e9gie de s\u00e9curit\u00e9 alimentaire de la Mauritanie"},"content":{"rendered":"<div class=\"row\"><\/div>\n<div class=\"row\">\n<div class=\"cell auto-size\">\n<div class=\"set-border bd-gray padding10 margin10 no-margin-right no-margin-left \" dir=\"ltr\">\n<p>La Commissaire \u00e0 la S\u00e9curit\u00e9 Alimentaire, Mme Fatimetou Mint Khattry, a particip\u00e9 mardi, par vid\u00e9oconf\u00e9rence, \u00e0 un symposium intitul\u00e9 \u00ab Semer l&#8217;avenir : approches de gouvernance pour la s\u00e9curit\u00e9 et la pr\u00e9servation alimentaires \u00bb, organis\u00e9 en partenariat entre l&#8217;Organisation islamique pour la s\u00e9curit\u00e9 alimentaire et le D\u00e9partement d&#8217;\u00c9tat am\u00e9ricain.<\/p>\n<p>Le symposium a r\u00e9uni, outre la commissaire, le ministre de l&#8217;Agriculture, des Ressources Hydrauliques et de la P\u00eache Maritime Mr Abdelmonem Belati, le secr\u00e9taire g\u00e9n\u00e9ral de l&#8217;Organisation islamique pour la s\u00e9curit\u00e9 alimentaire (OISA) affili\u00e9e \u00e0 l&#8217;OCI, M. Yerlan Baidolet, l&#8217;envoy\u00e9 sp\u00e9cial des \u00c9tats-Unis d&#8217;Am\u00e9rique pour la s\u00e9curit\u00e9 alimentaire, M. Cary Fowler et des repr\u00e9sentants du D\u00e9partement de l&#8217;agriculture des \u00c9tats-Unis et de l&#8217;Organisation de la coop\u00e9ration internationale, de la Banque islamique, de la Banque islamique de d\u00e9veloppement et de l&#8217;Agence des \u00c9tats-Unis pour le d\u00e9veloppement international .<\/p>\n<p>La commissaire a expliqu\u00e9 dans son intervention, les grandes lignes des politiques publiques li\u00e9es \u00e0 la s\u00e9curit\u00e9 alimentaire dans notre pays, passant en revue les d\u00e9fis auxquels il est confront\u00e9 dans le domaine li\u00e9s aux facteurs de la d\u00e9sertification et de la s\u00e9cheresse.<\/p>\n<p>Elle a mis \u00e9galement en exergue les succ\u00e8s obtenus par la Mauritanie au cours des derni\u00e8res ann\u00e9es, en vue de faire avancer le domaine agricole, ainsi que le d\u00e9veloppement de m\u00e9canismes visant \u00e0 assurer l&#8217;efficacit\u00e9 de l&#8217;assistance sociale destin\u00e9e aux familles les plus n\u00e9cessiteuses, notamment le d\u00e9veloppement du m\u00e9canisme national de la pr\u00e9vention et de r\u00e9ponse aux crises alimentaires, en tant qu&#8217;organe de coordination entre les diff\u00e9rentes parties concern\u00e9es, et le plan annuel de r\u00e9ponse aux crises alimentaires, le registre social de l&#8217;\u00c9tat, la cr\u00e9ation d&#8217;un fonds sp\u00e9cial pour financer le plan de r\u00e9ponse du gouvernement aux crises alimentaires.<\/p>\n<p>A cela s\u2019ajoutent l&#8217;adoption de filets sociaux destin\u00e9s \u00e0 aider les familles les plus pauvres et la participation de notre pays \u00e0 la Mutuelle Panafricaine de gestion des risques, en plus du renforcement des capacit\u00e9s du pays dans le domaine du stockage et l\u2019accompagnement des agriculteurs, \u00e0 travers la r\u00e9habilitation des terres agricoles, la fourniture de moyens de production agricole, ainsi que l&#8217;achat des surplus de production agricole, afin d&#8217;encourager la production agricole.<\/p>\n<p>Gr\u00e2ce \u00e0 la forte volont\u00e9 de Son Excellence le Pr\u00e9sident de la R\u00e9publique, Monsieur Mohamed Ould Cheikh El Ghazouani, et malgr\u00e9 la conjoncture internationale et r\u00e9gionale d\u00e9favorable, les politiques publiques en mati\u00e8re de soutien \u00e0 la production agricole et les programmes visant \u00e0 soutenir les citoyens expos\u00e9s aux risques de crises alimentaires ont r\u00e9alis\u00e9 un saut qualitatif au cours des derni\u00e8res ann\u00e9es.<\/p>\n<p>C\u2019est ainsi que notre pays a pu obtenir des r\u00e9sultats positifs et \u00eatre \u00e9pargn\u00e9 par bon nombre des risques li\u00e9s aux crises r\u00e9gionales et internationales successives, qui ont eu un impact direct sur les conditions de vie de la population, notamment dans la r\u00e9gion du Sahel et du Sahara, faisant de notre pays un mod\u00e8le dans la sous-r\u00e9gion et malgr\u00e9 les circonstances difficiles au niveau local et international, a-t-elle dit.<\/p>\n<p>Elle a \u00e9voqu\u00e9 par ailleurs les d\u00e9fis et les perspectives qui se pr\u00e9sentent \u00e0 notre pays dans le domaine de la s\u00e9curit\u00e9 alimentaire, rappelant l\u2019accueil de la Mauritanie en novembre prochain, de la cinqui\u00e8me session du Sommet arabe sur le d\u00e9veloppement \u00e9conomique et social, qui sera organis\u00e9 sous le th\u00e8me \u00ab La s\u00e9curit\u00e9 alimentaire arabe est un gage de souverainet\u00e9&#8221;. Un Sommet qui ouvrira des perspectives importantes dans le domaine de la s\u00e9curit\u00e9 alimentaire, a-t-elle affirm\u00e9, mettant en exergue l&#8217;initiative de Son Excellence le Pr\u00e9sident de la R\u00e9publique, Monsieur Mohamed Ould Cheikh El Ghazouani, relative \u00e0 l&#8217;\u00e9conomie bleue, afin de combler le d\u00e9ficit alimentaire, en particulier dans les zones donnant acc\u00e8s sur les mers, les oc\u00e9ans et les plans d\u2019eau.<\/p>\n<p>Malgr\u00e9 les excellents r\u00e9sultats obtenus par notre pays dans le domaine de la s\u00e9curit\u00e9 alimentaire, notamment pour ce qui concerne l&#8217;aspect li\u00e9 \u00e0 la r\u00e9ponse aux crises alimentaires et \u00e0 leurs risques, il reste des d\u00e9fis \u00e0 relever, qui n\u00e9cessitent davantage d\u2019efforts et de coop\u00e9ration avec les partenaires de l\u2019Organisation de la coop\u00e9ration islamique et des \u00c9tats-Unis d\u2019Am\u00e9rique, a-t-elle conclu.<\/p>\n<\/div>\n<\/div>\n<\/div>\n","protected":false},"excerpt":{"rendered":"<p>La Commissaire \u00e0 la S\u00e9curit\u00e9 Alimentaire, Mme Fatimetou Mint Khattry, a particip\u00e9 mardi, par vid\u00e9oconf\u00e9rence, \u00e0 un symposium intitul\u00e9 \u00ab Semer l&#8217;avenir : approches de gouvernance pour la s\u00e9curit\u00e9 et la pr\u00e9servation alimentaires \u00bb, organis\u00e9 en partenariat entre l&#8217;Organisation islamique pour la s\u00e9curit\u00e9 alimentaire et le D\u00e9partement d&#8217;\u00c9tat am\u00e9ricain. Le symposium a r\u00e9uni, outre la [&hellip;]<\/p>\n","protected":false},"author":8,"featured_media":229597,"comment_status":"open","ping_status":"open","sticky":false,"template":"","format":"standard","meta":{"footnotes":""},"categories":[63920,63957],"tags":[],"class_list":["post-229596","post","type-post","status-publish","format-standard","has-post-thumbnail","hentry","category-a-la-une","category-fil-dactualite"],"_links":{"self":[{"href":"https:\/\/ami.mr\/fr\/wp-json\/wp\/v2\/posts\/229596","targetHints":{"allow":["GET"]}}],"collection":[{"href":"https:\/\/ami.mr\/fr\/wp-json\/wp\/v2\/posts"}],"about":[{"href":"https:\/\/ami.mr\/fr\/wp-json\/wp\/v2\/types\/post"}],"author":[{"embeddable":true,"href":"https:\/\/ami.mr\/fr\/wp-json\/wp\/v2\/users\/8"}],"replies":[{"embeddable":true,"href":"https:\/\/ami.mr\/fr\/wp-json\/wp\/v2\/comments?post=229596"}],"version-history":[{"count":1,"href":"https:\/\/ami.mr\/fr\/wp-json\/wp\/v2\/posts\/229596\/revisions"}],"predecessor-version":[{"id":229598,"href":"https:\/\/ami.mr\/fr\/wp-json\/wp\/v2\/posts\/229596\/revisions\/229598"}],"wp:featuredmedia":[{"embeddable":true,"href":"https:\/\/ami.mr\/fr\/wp-json\/wp\/v2\/media\/229597"}],"wp:attachment":[{"href":"https:\/\/ami.mr\/fr\/wp-json\/wp\/v2\/media?parent=229596"}],"wp:term":[{"taxonomy":"category","embeddable":true,"href":"https:\/\/ami.mr\/fr\/wp-json\/wp\/v2\/categories?post=229596"},{"taxonomy":"post_tag","embeddable":true,"href":"https:\/\/ami.mr\/fr\/wp-json\/wp\/v2\/tags?post=229596"}],"curies":[{"name":"wp","href":"https:\/\/api.w.org\/{rel}","templated":true}]}}