{"id":229590,"date":"2023-09-12T18:27:33","date_gmt":"2023-09-12T18:27:33","guid":{"rendered":"https:\/\/ami.mr\/fr\/?p=229590"},"modified":"2023-09-12T18:27:33","modified_gmt":"2023-09-12T18:27:33","slug":"le-ministre-du-petrole-recoit-lambassadeur-dallemagne-2","status":"publish","type":"post","link":"https:\/\/ami.mr\/fr\/archives\/229590","title":{"rendered":"Le ministre du P\u00e9trole re\u00e7oit l&#8217;ambassadeur d&#8217;Allemagne"},"content":{"rendered":"<div class=\"row\"><\/div>\n<div class=\"row\">\n<div class=\"cell auto-size\">\n<div class=\"set-border bd-gray padding10 margin10 no-margin-right no-margin-left \" dir=\"ltr\">\n<p>Le ministre du P\u00e9trole, des Mines et de l&#8217;Energie, porte-parole du gouvernement, M. Nani Ould Chrougha, a re\u00e7u en audience, mardi \u00e0 Nouakchott, SEMm. Isabelle Henin, l&#8217;ambassadrice d&#8217;Allemagne accr\u00e9dit\u00e9e en Mauritanie, Mme Isabelle Henin.<\/p>\n<p>L&#8217;audience a port\u00e9 sur les divers domaines de coop\u00e9ration entre les deux pays, en particulier, le d\u00e9veloppement des \u00e9nergies renouvelables et l&#8217;\u00e9change d&#8217;exp\u00e9riences et de soutien dans le domaine de la formation professionnelle.<\/p>\n<\/div>\n<\/div>\n<\/div>\n","protected":false},"excerpt":{"rendered":"<p>Le ministre du P\u00e9trole, des Mines et de l&#8217;Energie, porte-parole du gouvernement, M. Nani Ould Chrougha, a re\u00e7u en audience, mardi \u00e0 Nouakchott, SEMm. Isabelle Henin, l&#8217;ambassadrice d&#8217;Allemagne accr\u00e9dit\u00e9e en Mauritanie, Mme Isabelle Henin. L&#8217;audience a port\u00e9 sur les divers domaines de coop\u00e9ration entre les deux pays, en particulier, le d\u00e9veloppement des \u00e9nergies renouvelables et [&hellip;]<\/p>\n","protected":false},"author":8,"featured_media":229591,"comment_status":"open","ping_status":"open","sticky":false,"template":"","format":"standard","meta":{"footnotes":""},"categories":[63920,63957],"tags":[],"class_list":["post-229590","post","type-post","status-publish","format-standard","has-post-thumbnail","hentry","category-a-la-une","category-fil-dactualite"],"_links":{"self":[{"href":"https:\/\/ami.mr\/fr\/wp-json\/wp\/v2\/posts\/229590","targetHints":{"allow":["GET"]}}],"collection":[{"href":"https:\/\/ami.mr\/fr\/wp-json\/wp\/v2\/posts"}],"about":[{"href":"https:\/\/ami.mr\/fr\/wp-json\/wp\/v2\/types\/post"}],"author":[{"embeddable":true,"href":"https:\/\/ami.mr\/fr\/wp-json\/wp\/v2\/users\/8"}],"replies":[{"embeddable":true,"href":"https:\/\/ami.mr\/fr\/wp-json\/wp\/v2\/comments?post=229590"}],"version-history":[{"count":1,"href":"https:\/\/ami.mr\/fr\/wp-json\/wp\/v2\/posts\/229590\/revisions"}],"predecessor-version":[{"id":229592,"href":"https:\/\/ami.mr\/fr\/wp-json\/wp\/v2\/posts\/229590\/revisions\/229592"}],"wp:featuredmedia":[{"embeddable":true,"href":"https:\/\/ami.mr\/fr\/wp-json\/wp\/v2\/media\/229591"}],"wp:attachment":[{"href":"https:\/\/ami.mr\/fr\/wp-json\/wp\/v2\/media?parent=229590"}],"wp:term":[{"taxonomy":"category","embeddable":true,"href":"https:\/\/ami.mr\/fr\/wp-json\/wp\/v2\/categories?post=229590"},{"taxonomy":"post_tag","embeddable":true,"href":"https:\/\/ami.mr\/fr\/wp-json\/wp\/v2\/tags?post=229590"}],"curies":[{"name":"wp","href":"https:\/\/api.w.org\/{rel}","templated":true}]}}