{"id":229507,"date":"2023-09-11T15:51:04","date_gmt":"2023-09-11T15:51:04","guid":{"rendered":"https:\/\/ami.mr\/fr\/?p=229507"},"modified":"2023-09-11T15:53:11","modified_gmt":"2023-09-11T15:53:11","slug":"le-ministre-de-la-defense-recoit-une-delegation-onusienne","status":"publish","type":"post","link":"https:\/\/ami.mr\/fr\/archives\/229507","title":{"rendered":"Le ministre de la D\u00e9fense re\u00e7oit une d\u00e9l\u00e9gation onusienne"},"content":{"rendered":"<p>Le ministre de la D\u00e9fense Nationale, M. Hanenna Ould Sidi, a re\u00e7u en audience, lundi \u00e0 Nouakchott, une d\u00e9l\u00e9gation du Bureau des Nations Unies pour la gestion de la cha\u00eene d&#8217;approvisionnement.<\/p>\n<p>L\u2019audience a port\u00e9 sur la coop\u00e9ration entre les deux parties, en particulier, en ce qui concerne la fermeture de la Mission multidimensionnelle int\u00e9gr\u00e9e des Nations Unies pour la stabilisation au Mali (MINUSMA) et les mouvements de fret associ\u00e9s.<\/p>\n<p>La rencontre s&#8217;est d\u00e9roul\u00e9e en pr\u00e9sence du g\u00e9n\u00e9ral de division Mohamed Vall Errayis Errayis, directeur du d\u00e9partement central de l&#8217;\u00e9quipement \u00e0 l&#8217;\u00e9tat-major g\u00e9n\u00e9ral des arm\u00e9es.<\/p>\n","protected":false},"excerpt":{"rendered":"<p>Le ministre de la D\u00e9fense Nationale, M. Hanenna Ould Sidi, a re\u00e7u en audience, lundi \u00e0 Nouakchott, une d\u00e9l\u00e9gation du Bureau des Nations Unies pour la gestion de la cha\u00eene d&#8217;approvisionnement. L\u2019audience a port\u00e9 sur la coop\u00e9ration entre les deux parties, en particulier, en ce qui concerne la fermeture de la Mission multidimensionnelle int\u00e9gr\u00e9e des [&hellip;]<\/p>\n","protected":false},"author":10,"featured_media":229508,"comment_status":"open","ping_status":"open","sticky":false,"template":"","format":"standard","meta":{"footnotes":""},"categories":[63918,63957,63959,63927],"tags":[],"class_list":["post-229507","post","type-post","status-publish","format-standard","has-post-thumbnail","hentry","category-autres","category-fil-dactualite","category-mauritanie","category-slider-mauritanie"],"_links":{"self":[{"href":"https:\/\/ami.mr\/fr\/wp-json\/wp\/v2\/posts\/229507","targetHints":{"allow":["GET"]}}],"collection":[{"href":"https:\/\/ami.mr\/fr\/wp-json\/wp\/v2\/posts"}],"about":[{"href":"https:\/\/ami.mr\/fr\/wp-json\/wp\/v2\/types\/post"}],"author":[{"embeddable":true,"href":"https:\/\/ami.mr\/fr\/wp-json\/wp\/v2\/users\/10"}],"replies":[{"embeddable":true,"href":"https:\/\/ami.mr\/fr\/wp-json\/wp\/v2\/comments?post=229507"}],"version-history":[{"count":2,"href":"https:\/\/ami.mr\/fr\/wp-json\/wp\/v2\/posts\/229507\/revisions"}],"predecessor-version":[{"id":229510,"href":"https:\/\/ami.mr\/fr\/wp-json\/wp\/v2\/posts\/229507\/revisions\/229510"}],"wp:featuredmedia":[{"embeddable":true,"href":"https:\/\/ami.mr\/fr\/wp-json\/wp\/v2\/media\/229508"}],"wp:attachment":[{"href":"https:\/\/ami.mr\/fr\/wp-json\/wp\/v2\/media?parent=229507"}],"wp:term":[{"taxonomy":"category","embeddable":true,"href":"https:\/\/ami.mr\/fr\/wp-json\/wp\/v2\/categories?post=229507"},{"taxonomy":"post_tag","embeddable":true,"href":"https:\/\/ami.mr\/fr\/wp-json\/wp\/v2\/tags?post=229507"}],"curies":[{"name":"wp","href":"https:\/\/api.w.org\/{rel}","templated":true}]}}