{"id":228996,"date":"2023-09-02T13:14:26","date_gmt":"2023-09-02T13:14:26","guid":{"rendered":"https:\/\/ami.mr\/fr\/?p=228996"},"modified":"2023-09-02T15:05:22","modified_gmt":"2023-09-02T15:05:22","slug":"mederdra-demarrage-de-la-3e-edition-de-la-saison-culturelle-daoulad-sangae","status":"publish","type":"post","link":"https:\/\/ami.mr\/fr\/archives\/228996","title":{"rendered":"Mederdra : D\u00e9marrage de la 3e \u00e9dition de la saison culturelle d\u2019Aoulad Sangae"},"content":{"rendered":"<p>Le wali du Trarza, M. Mohamed Ould Ahmed Maouloud a supervis\u00e9 hier soir, dans la moughataa de Mederdra, la c\u00e9r\u00e9monie de lancement de la troisi\u00e8me saison culturelle annuelle, \u00abAoulad sangae\u00bb, organis\u00e9e cette ann\u00e9e sous le th\u00e8me \u00ab Main dans la main pour le d\u00e9veloppement inclusif de la Moughataa de Mederdra \u00bb.<\/p>\n<p>Ce festival vise \u00e0 pr\u00e9senter le patrimoine culturel local de la Moughataa, \u00e0 redynamiser la sc\u00e8ne culturelle et \u00e0 \u0153uvrer au d\u00e9veloppement inclusif local.<\/p>\n<p>Je suis heureux de superviser l&#8217;ouverture de cet \u00e9v\u00e8nement de d\u00e9veloppement culturel qui incarnera toutes les dimensions de l&#8217;approche culturelle et de d\u00e9veloppement recommand\u00e9e par Son Excellence le Pr\u00e9sident de la R\u00e9publique, Monsieur Mohamed Ould Cheikh El Ghazouani et adopt\u00e9e par le gouvernement du Premier Ministre, M. Mohamed Bilal, a dit le wali \u00e0 cette occasion, qualifiant cette approche de louable, en ce sens, qu\u2019elle permet de pr\u00e9server le patrimoine culturel du pays ainsi qu\u2019\u00e0 accompagner les exigences du progr\u00e8s.<\/p>\n<p>Le Wali a appel\u00e9 par la suite tous \u00e0 s\u2019impliquer afin d\u2019assurer un \u00e9clatant succ\u00e8s \u00e0 ce festival et \u00e0 ses objectifs.<\/p>\n<p>Ce festival vise \u00e0 faire progresser la culture locale et \u00e0 la d\u00e9poussi\u00e9rer, a indiqu\u00e9 pour sa part, le maire de la commune de Mederdra, M. Sidi Salem Ould Hamadi, mettant en exergue l\u2019importance accord\u00e9e par la commune aux activit\u00e9s culturelles et sportives.<\/p>\n<p>Le pr\u00e9sident du festival, M. Nouredine Ould Semet a pass\u00e9 en revue de son c\u00f4t\u00e9, les \u00e9tapes franchies dans la mise en place festival et les objectifs pour lesquels il a \u00e9t\u00e9 cr\u00e9\u00e9, remerciant les cadres et les citoyens pour leur soutien, exprimant le v\u0153u que les prochaines \u00e9ditions soient \u00e0 la hauteur des attentes du public culturel.<\/p>\n<p>La premi\u00e8re soir\u00e9e du festival a \u00e9t\u00e9 marqu\u00e9e par du Medeh et une exposition du patrimoine culturel de la wilaya, ainsi que des conf\u00e9rences et des interventions litt\u00e9raires qui ont impressionn\u00e9 le public.<\/p>\n<p>Les activit\u00e9s de la troisi\u00e8me saison culturelle annuelle d\u2019Aoulad Sangae comprennent par ailleurs l\u2019organisation d\u2019une caravane m\u00e9dicale, des soir\u00e9es artistiques et litt\u00e9raires et d&#8217;autres activit\u00e9s.<\/p>\n<p>La c\u00e9r\u00e9monie de d\u00e9marrage de cette troisi\u00e8me \u00e9dition s\u2019est d\u00e9roul\u00e9e en pr\u00e9sence du charg\u00e9 de mission au minist\u00e8re de la Culture, de la Jeunesse, des Sports et des Relations avec le Parlement, M. Mohamed Lemine Ould Ivekou, du Hakem de la Moughataa de mederdra, M. Mohamed Mahmoud Ould El Vaddhel, du pr\u00e9sident d\u2019honneur de la troupe du Medeh du festival M. Ahmed Ould Lemine Ould Ahmedna et des autorit\u00e9s s\u00e9curitaires de la wilaya.<\/p>\n","protected":false},"excerpt":{"rendered":"<p>Le wali du Trarza, M. Mohamed Ould Ahmed Maouloud a supervis\u00e9 hier soir, dans la moughataa de Mederdra, la c\u00e9r\u00e9monie de lancement de la troisi\u00e8me saison culturelle annuelle, \u00abAoulad sangae\u00bb, organis\u00e9e cette ann\u00e9e sous le th\u00e8me \u00ab Main dans la main pour le d\u00e9veloppement inclusif de la Moughataa de Mederdra \u00bb. Ce festival vise \u00e0 [&hellip;]<\/p>\n","protected":false},"author":10,"featured_media":228997,"comment_status":"open","ping_status":"open","sticky":false,"template":"","format":"standard","meta":{"footnotes":""},"categories":[63920,63957,63923,8672],"tags":[],"class_list":["post-228996","post","type-post","status-publish","format-standard","has-post-thumbnail","hentry","category-a-la-une","category-fil-dactualite","category-slider-wilayas","category-8672"],"_links":{"self":[{"href":"https:\/\/ami.mr\/fr\/wp-json\/wp\/v2\/posts\/228996","targetHints":{"allow":["GET"]}}],"collection":[{"href":"https:\/\/ami.mr\/fr\/wp-json\/wp\/v2\/posts"}],"about":[{"href":"https:\/\/ami.mr\/fr\/wp-json\/wp\/v2\/types\/post"}],"author":[{"embeddable":true,"href":"https:\/\/ami.mr\/fr\/wp-json\/wp\/v2\/users\/10"}],"replies":[{"embeddable":true,"href":"https:\/\/ami.mr\/fr\/wp-json\/wp\/v2\/comments?post=228996"}],"version-history":[{"count":1,"href":"https:\/\/ami.mr\/fr\/wp-json\/wp\/v2\/posts\/228996\/revisions"}],"predecessor-version":[{"id":228998,"href":"https:\/\/ami.mr\/fr\/wp-json\/wp\/v2\/posts\/228996\/revisions\/228998"}],"wp:featuredmedia":[{"embeddable":true,"href":"https:\/\/ami.mr\/fr\/wp-json\/wp\/v2\/media\/228997"}],"wp:attachment":[{"href":"https:\/\/ami.mr\/fr\/wp-json\/wp\/v2\/media?parent=228996"}],"wp:term":[{"taxonomy":"category","embeddable":true,"href":"https:\/\/ami.mr\/fr\/wp-json\/wp\/v2\/categories?post=228996"},{"taxonomy":"post_tag","embeddable":true,"href":"https:\/\/ami.mr\/fr\/wp-json\/wp\/v2\/tags?post=228996"}],"curies":[{"name":"wp","href":"https:\/\/api.w.org\/{rel}","templated":true}]}}