{"id":228823,"date":"2023-08-30T11:53:11","date_gmt":"2023-08-30T11:53:11","guid":{"rendered":"https:\/\/ami.mr\/fr\/?p=228823"},"modified":"2023-08-30T11:53:11","modified_gmt":"2023-08-30T11:53:11","slug":"le-president-de-la-republique-felicite-le-roi-de-malaisie-5","status":"publish","type":"post","link":"https:\/\/ami.mr\/fr\/archives\/228823","title":{"rendered":"Le Pr\u00e9sident de la R\u00e9publique f\u00e9licite le Roi de Malaisie"},"content":{"rendered":"<p>Le Pr\u00e9sident de la R\u00e9publique, Son Excellence Monsieur Mohamed Ould Cheikh El Ghazouani a adress\u00e9 mercredi le message de f\u00e9licitations qui suit \u00e0 Sa Majest\u00e9 Sultane Abdullah Riayatoudine Moustapha Billah Shah fils de feu Soultane Haji Ahmed Shah, El Mousta-ine Billah, Roi de Malaisie, \u00e0 l&#8217;occasion de la c\u00e9l\u00e9bration de la f\u00eate nationale de son pays.<\/p>\n<p>Le message est ainsi libell\u00e9<\/p>\n<p>&#8220;La c\u00e9l\u00e9bration de la f\u00eate nationale de votre pays m&#8217;offre l&#8217;agr\u00e9able occasion d&#8217;exprimer \u00e0 votre Majest\u00e9 mes chaleureuses f\u00e9licitations et de souhaiter au peuple malaisien fr\u00e8re plus de progr\u00e8s et de prosp\u00e9rit\u00e9.<\/p>\n<p>Je tiens \u00e0 vous exprimer notre enti\u00e8re d\u00e9termination \u00e0 poursuivre les efforts visant le renforcement et le d\u00e9veloppement des relations de coop\u00e9ration unissant nos deux pays dans l&#8217;int\u00e9r\u00eat mutuel de nos deux peuples fr\u00e8res.<\/p>\n<p>Veuillez recevoir, Majest\u00e9, l&#8217;expression de ma tr\u00e8s haute consid\u00e9ration.<\/p>\n<p>Votre fr\u00e8re, Mohamed Ould Cheikh El Ghazouani&#8221;.<\/p>\n","protected":false},"excerpt":{"rendered":"<p>Le Pr\u00e9sident de la R\u00e9publique, Son Excellence Monsieur Mohamed Ould Cheikh El Ghazouani a adress\u00e9 mercredi le message de f\u00e9licitations qui suit \u00e0 Sa Majest\u00e9 Sultane Abdullah Riayatoudine Moustapha Billah Shah fils de feu Soultane Haji Ahmed Shah, El Mousta-ine Billah, Roi de Malaisie, \u00e0 l&#8217;occasion de la c\u00e9l\u00e9bration de la f\u00eate nationale de son [&hellip;]<\/p>\n","protected":false},"author":16,"featured_media":228824,"comment_status":"open","ping_status":"open","sticky":false,"template":"","format":"standard","meta":{"footnotes":""},"categories":[63957,63959,63921,63927],"tags":[],"class_list":["post-228823","post","type-post","status-publish","format-standard","has-post-thumbnail","hentry","category-fil-dactualite","category-mauritanie","category-slider-afficher","category-slider-mauritanie"],"_links":{"self":[{"href":"https:\/\/ami.mr\/fr\/wp-json\/wp\/v2\/posts\/228823","targetHints":{"allow":["GET"]}}],"collection":[{"href":"https:\/\/ami.mr\/fr\/wp-json\/wp\/v2\/posts"}],"about":[{"href":"https:\/\/ami.mr\/fr\/wp-json\/wp\/v2\/types\/post"}],"author":[{"embeddable":true,"href":"https:\/\/ami.mr\/fr\/wp-json\/wp\/v2\/users\/16"}],"replies":[{"embeddable":true,"href":"https:\/\/ami.mr\/fr\/wp-json\/wp\/v2\/comments?post=228823"}],"version-history":[{"count":1,"href":"https:\/\/ami.mr\/fr\/wp-json\/wp\/v2\/posts\/228823\/revisions"}],"predecessor-version":[{"id":228825,"href":"https:\/\/ami.mr\/fr\/wp-json\/wp\/v2\/posts\/228823\/revisions\/228825"}],"wp:featuredmedia":[{"embeddable":true,"href":"https:\/\/ami.mr\/fr\/wp-json\/wp\/v2\/media\/228824"}],"wp:attachment":[{"href":"https:\/\/ami.mr\/fr\/wp-json\/wp\/v2\/media?parent=228823"}],"wp:term":[{"taxonomy":"category","embeddable":true,"href":"https:\/\/ami.mr\/fr\/wp-json\/wp\/v2\/categories?post=228823"},{"taxonomy":"post_tag","embeddable":true,"href":"https:\/\/ami.mr\/fr\/wp-json\/wp\/v2\/tags?post=228823"}],"curies":[{"name":"wp","href":"https:\/\/api.w.org\/{rel}","templated":true}]}}