{"id":228304,"date":"2023-08-18T19:26:14","date_gmt":"2023-08-18T19:26:14","guid":{"rendered":"https:\/\/ami.mr\/fr\/?p=228304"},"modified":"2023-08-18T19:26:14","modified_gmt":"2023-08-18T19:26:14","slug":"le-ministre-de-lequipement-senquiert-de-letat-davancement-des-travaux-du-2eme-troncon-de-la-route-tidjikja-kiffa","status":"publish","type":"post","link":"https:\/\/ami.mr\/fr\/archives\/228304","title":{"rendered":"Le ministre de l\u2019\u00c9quipement s\u2019enquiert de l\u2019\u00e9tat d\u2019avancement des travaux du 2eme tron\u00e7on de la route Tidjikja-Kiffa"},"content":{"rendered":"<p>Le ministre de l\u2019\u00c9quipement et des Transports, M. Mohamed Ali Ould Sid Mohamed, s\u2019est enquis, vendredi, de l\u2019\u00e9tat d\u2019avancement des travaux des chantiers de construction du tron\u00e7on n\u00b02 de la route Tidjikja-Kiffa, qui est le tron\u00e7on reliant Ghoudiya- Boumdeid.<\/p>\n<p>Au cours de cette visite, le ministre a \u00e9t\u00e9 inform\u00e9 de l\u2019avancement des travaux sur la route, dans le cadre du suivi du plan de travail mis en \u0153uvre dans les secteurs de l\u2019Equipement et des Transport, et tout c que cela demande comme suivi continu des ateliers sur le terrain et le contr\u00f4le de l\u2019\u00e9tat du respect des engagements de la part des parties en charge de la maitrise d\u2019ouvrage.<\/p>\n<p>Il a, \u00e9galement, suivi des explications d\u00e9taill\u00e9es sur les \u00e9tapes et les m\u00e9thodes utilis\u00e9es dans la mise en \u0153uvre des travaux de la part des responsables des ateliers d\u2019ach\u00e8vement du projet de la soci\u00e9t\u00e9 d\u2019ex\u00e9cution et du Bureau de supervision et de contr\u00f4le.<\/p>\n<p>Le ministre a instruit les responsables de ce projet d\u2019acc\u00e9l\u00e9rer le rythme des travaux tout en respectant et en observant la qualit\u00e9 stipul\u00e9e dans le cahier d\u2019engagements.<\/p>\n<p>Pour rappel, la longueur de ce tron\u00e7on, qui devrait \u00eatre achev\u00e9 d\u2019ici trois mois, est de 72 km, et le co\u00fbt de r\u00e9alisation atteint 454969866MRU.<\/p>\n<p>&nbsp;<\/p>\n","protected":false},"excerpt":{"rendered":"<p>Le ministre de l\u2019\u00c9quipement et des Transports, M. Mohamed Ali Ould Sid Mohamed, s\u2019est enquis, vendredi, de l\u2019\u00e9tat d\u2019avancement des travaux des chantiers de construction du tron\u00e7on n\u00b02 de la route Tidjikja-Kiffa, qui est le tron\u00e7on reliant Ghoudiya- Boumdeid. Au cours de cette visite, le ministre a \u00e9t\u00e9 inform\u00e9 de l\u2019avancement des travaux sur la [&hellip;]<\/p>\n","protected":false},"author":13,"featured_media":228305,"comment_status":"open","ping_status":"open","sticky":false,"template":"","format":"standard","meta":{"footnotes":""},"categories":[63918,63919,63957,63923,8672],"tags":[],"class_list":["post-228304","post","type-post","status-publish","format-standard","has-post-thumbnail","hentry","category-autres","category-choix-du-redacteur","category-fil-dactualite","category-slider-wilayas","category-8672"],"_links":{"self":[{"href":"https:\/\/ami.mr\/fr\/wp-json\/wp\/v2\/posts\/228304","targetHints":{"allow":["GET"]}}],"collection":[{"href":"https:\/\/ami.mr\/fr\/wp-json\/wp\/v2\/posts"}],"about":[{"href":"https:\/\/ami.mr\/fr\/wp-json\/wp\/v2\/types\/post"}],"author":[{"embeddable":true,"href":"https:\/\/ami.mr\/fr\/wp-json\/wp\/v2\/users\/13"}],"replies":[{"embeddable":true,"href":"https:\/\/ami.mr\/fr\/wp-json\/wp\/v2\/comments?post=228304"}],"version-history":[{"count":1,"href":"https:\/\/ami.mr\/fr\/wp-json\/wp\/v2\/posts\/228304\/revisions"}],"predecessor-version":[{"id":228306,"href":"https:\/\/ami.mr\/fr\/wp-json\/wp\/v2\/posts\/228304\/revisions\/228306"}],"wp:featuredmedia":[{"embeddable":true,"href":"https:\/\/ami.mr\/fr\/wp-json\/wp\/v2\/media\/228305"}],"wp:attachment":[{"href":"https:\/\/ami.mr\/fr\/wp-json\/wp\/v2\/media?parent=228304"}],"wp:term":[{"taxonomy":"category","embeddable":true,"href":"https:\/\/ami.mr\/fr\/wp-json\/wp\/v2\/categories?post=228304"},{"taxonomy":"post_tag","embeddable":true,"href":"https:\/\/ami.mr\/fr\/wp-json\/wp\/v2\/tags?post=228304"}],"curies":[{"name":"wp","href":"https:\/\/api.w.org\/{rel}","templated":true}]}}