{"id":228116,"date":"2023-08-16T10:45:09","date_gmt":"2023-08-16T10:45:09","guid":{"rendered":"https:\/\/ami.mr\/fr\/?p=228116"},"modified":"2023-08-16T16:11:39","modified_gmt":"2023-08-16T16:11:39","slug":"le-president-de-la-republique-felicite-son-homologue-dindonesie","status":"publish","type":"post","link":"https:\/\/ami.mr\/fr\/archives\/228116","title":{"rendered":"Le Pr\u00e9sident de la R\u00e9publique f\u00e9licite son homologue d&#8217;Indon\u00e9sie"},"content":{"rendered":"<p>Le Pr\u00e9sident de la R\u00e9publique, Son Excellence Monsieur Mohamed Ould Cheikh El Ghazouani a adress\u00e9 mercredi le message de f\u00e9licitations qui suit au Pr\u00e9sident de la R\u00e9publique d&#8217;Indon\u00e9sie, Monsieur Joko Widodo, \u00e0 l&#8217;occasion de la c\u00e9l\u00e9bration de la f\u00eate nationale de son pays.<\/p>\n<p>Le message est ainsi libell\u00e9<\/p>\n<p>&#8220;Excellence et Cher Fr\u00e8re,<\/p>\n<p>La c\u00e9l\u00e9bration de la f\u00eate nationale de votre pays m\u2019offre l\u2019agr\u00e9able occasion de vous adresser mes chaleureuses f\u00e9licitations et mes meilleurs v\u0153ux de progr\u00e8s et de prosp\u00e9rit\u00e9 pour le peuple d&#8217;Indon\u00e9sie fr\u00e8re.<\/p>\n<p>Je saisis cette occasion pour vous assurer de notre ferme volont\u00e9 d\u2019\u0153uvrer au d\u00e9veloppement des relations de coop\u00e9ration entre nos deux pays et de renforcer les relations d\u2019amiti\u00e9 et de fraternit\u00e9 qui unissent nos deux peuples fr\u00e8res.<\/p>\n<p>Je Vous prie d\u2019agr\u00e9er, Excellence et Cher Fr\u00e8re, l\u2019expression de ma tr\u00e8s haute consid\u00e9ration.<\/p>\n<p>Mohamed OULD CHEIKH EL GHAZOUANI&#8221;<\/p>\n","protected":false},"excerpt":{"rendered":"<p>Le Pr\u00e9sident de la R\u00e9publique, Son Excellence Monsieur Mohamed Ould Cheikh El Ghazouani a adress\u00e9 mercredi le message de f\u00e9licitations qui suit au Pr\u00e9sident de la R\u00e9publique d&#8217;Indon\u00e9sie, Monsieur Joko Widodo, \u00e0 l&#8217;occasion de la c\u00e9l\u00e9bration de la f\u00eate nationale de son pays. Le message est ainsi libell\u00e9 &#8220;Excellence et Cher Fr\u00e8re, La c\u00e9l\u00e9bration de [&hellip;]<\/p>\n","protected":false},"author":5,"featured_media":228136,"comment_status":"open","ping_status":"open","sticky":false,"template":"","format":"standard","meta":{"footnotes":""},"categories":[63957,25,63921,63926],"tags":[],"class_list":["post-228116","post","type-post","status-publish","format-standard","has-post-thumbnail","hentry","category-fil-dactualite","category-25","category-slider-afficher","category-slider-general"],"_links":{"self":[{"href":"https:\/\/ami.mr\/fr\/wp-json\/wp\/v2\/posts\/228116","targetHints":{"allow":["GET"]}}],"collection":[{"href":"https:\/\/ami.mr\/fr\/wp-json\/wp\/v2\/posts"}],"about":[{"href":"https:\/\/ami.mr\/fr\/wp-json\/wp\/v2\/types\/post"}],"author":[{"embeddable":true,"href":"https:\/\/ami.mr\/fr\/wp-json\/wp\/v2\/users\/5"}],"replies":[{"embeddable":true,"href":"https:\/\/ami.mr\/fr\/wp-json\/wp\/v2\/comments?post=228116"}],"version-history":[{"count":1,"href":"https:\/\/ami.mr\/fr\/wp-json\/wp\/v2\/posts\/228116\/revisions"}],"predecessor-version":[{"id":228118,"href":"https:\/\/ami.mr\/fr\/wp-json\/wp\/v2\/posts\/228116\/revisions\/228118"}],"wp:featuredmedia":[{"embeddable":true,"href":"https:\/\/ami.mr\/fr\/wp-json\/wp\/v2\/media\/228136"}],"wp:attachment":[{"href":"https:\/\/ami.mr\/fr\/wp-json\/wp\/v2\/media?parent=228116"}],"wp:term":[{"taxonomy":"category","embeddable":true,"href":"https:\/\/ami.mr\/fr\/wp-json\/wp\/v2\/categories?post=228116"},{"taxonomy":"post_tag","embeddable":true,"href":"https:\/\/ami.mr\/fr\/wp-json\/wp\/v2\/tags?post=228116"}],"curies":[{"name":"wp","href":"https:\/\/api.w.org\/{rel}","templated":true}]}}