{"id":226765,"date":"2023-07-26T20:16:53","date_gmt":"2023-07-26T20:16:53","guid":{"rendered":"https:\/\/ami.mr\/fr\/?p=226765"},"modified":"2023-07-26T20:16:53","modified_gmt":"2023-07-26T20:16:53","slug":"la-mauritanie-participe-a-un-forum-virtuel-sur-le-dialogue-social","status":"publish","type":"post","link":"https:\/\/ami.mr\/fr\/archives\/226765","title":{"rendered":"La Mauritanie participe \u00e0 un forum virtuel sur le dialogue social"},"content":{"rendered":"<div class=\"cell auto-size\">\n<div class=\"set-border bd-gray padding10 margin10 no-margin-right no-margin-left \" dir=\"ltr\">\n<p>Le Conseil \u00e9conomique, social et environnemental a particip\u00e9, mercredi \u00e0 Nouakchott, via visioconf\u00e9rence, \u00e0 un colloque sur le dialogue social et son r\u00f4le face aux d\u00e9fis des march\u00e9s du travail.<\/p>\n<p>Organis\u00e9 par l&#8217;Organisation arabe du travail, ce forum vise \u00e0 renforcer le r\u00f4le du dialogue social et \u00e0 \u00e9largir ses domaines et sujets pour inclure diverses questions de travail et de d\u00e9veloppement. Le Conseil \u00e9tait repr\u00e9sent\u00e9 \u00e0 ce forum par Mohamed Abdellahi, dit Nahah, et Mohamed Ahmad Salek.<\/p>\n<p>Rappelons que l&#8217;Organisation arabe du travail est consid\u00e9r\u00e9e comme l&#8217;une des organisations sp\u00e9cialis\u00e9es op\u00e9rant dans le cadre de la Ligue des \u00c9tats arabes et la premi\u00e8re organisation arabe concern\u00e9e par les questions du travail au niveau du monde arabe.<\/p>\n<\/div>\n<\/div>\n","protected":false},"excerpt":{"rendered":"<p>Le Conseil \u00e9conomique, social et environnemental a particip\u00e9, mercredi \u00e0 Nouakchott, via visioconf\u00e9rence, \u00e0 un colloque sur le dialogue social et son r\u00f4le face aux d\u00e9fis des march\u00e9s du travail. Organis\u00e9 par l&#8217;Organisation arabe du travail, ce forum vise \u00e0 renforcer le r\u00f4le du dialogue social et \u00e0 \u00e9largir ses domaines et sujets pour inclure [&hellip;]<\/p>\n","protected":false},"author":13,"featured_media":226766,"comment_status":"open","ping_status":"open","sticky":false,"template":"","format":"standard","meta":{"footnotes":""},"categories":[63918,63919,63957,63959,63927],"tags":[],"class_list":["post-226765","post","type-post","status-publish","format-standard","has-post-thumbnail","hentry","category-autres","category-choix-du-redacteur","category-fil-dactualite","category-mauritanie","category-slider-mauritanie"],"_links":{"self":[{"href":"https:\/\/ami.mr\/fr\/wp-json\/wp\/v2\/posts\/226765","targetHints":{"allow":["GET"]}}],"collection":[{"href":"https:\/\/ami.mr\/fr\/wp-json\/wp\/v2\/posts"}],"about":[{"href":"https:\/\/ami.mr\/fr\/wp-json\/wp\/v2\/types\/post"}],"author":[{"embeddable":true,"href":"https:\/\/ami.mr\/fr\/wp-json\/wp\/v2\/users\/13"}],"replies":[{"embeddable":true,"href":"https:\/\/ami.mr\/fr\/wp-json\/wp\/v2\/comments?post=226765"}],"version-history":[{"count":1,"href":"https:\/\/ami.mr\/fr\/wp-json\/wp\/v2\/posts\/226765\/revisions"}],"predecessor-version":[{"id":226769,"href":"https:\/\/ami.mr\/fr\/wp-json\/wp\/v2\/posts\/226765\/revisions\/226769"}],"wp:featuredmedia":[{"embeddable":true,"href":"https:\/\/ami.mr\/fr\/wp-json\/wp\/v2\/media\/226766"}],"wp:attachment":[{"href":"https:\/\/ami.mr\/fr\/wp-json\/wp\/v2\/media?parent=226765"}],"wp:term":[{"taxonomy":"category","embeddable":true,"href":"https:\/\/ami.mr\/fr\/wp-json\/wp\/v2\/categories?post=226765"},{"taxonomy":"post_tag","embeddable":true,"href":"https:\/\/ami.mr\/fr\/wp-json\/wp\/v2\/tags?post=226765"}],"curies":[{"name":"wp","href":"https:\/\/api.w.org\/{rel}","templated":true}]}}