{"id":226653,"date":"2023-07-25T17:30:14","date_gmt":"2023-07-25T17:30:14","guid":{"rendered":"https:\/\/ami.mr\/fr\/?p=226653"},"modified":"2023-07-25T17:30:14","modified_gmt":"2023-07-25T17:30:14","slug":"lancement-des-travaux-du-comite-technique-charge-de-la-strategie-de-lindustrialisation","status":"publish","type":"post","link":"https:\/\/ami.mr\/fr\/archives\/226653","title":{"rendered":"Lancement des travaux du comit\u00e9 technique charg\u00e9 de la strat\u00e9gie de l&#8217;industrialisation"},"content":{"rendered":"<p>Le ministre du Commerce, de l&#8217;Industrie, de l&#8217;Artisanat et du Tourisme, M. Lamrabott Ould Bennahi, a supervis\u00e9, mardi \u00e0 Nouakchott, le d\u00e9marrage des travaux du comit\u00e9 technique charg\u00e9 du suivi de la mise en \u0153uvre de la strat\u00e9gie nationale d&#8217;industrialisation en Mauritanie.<\/p>\n<p>Le secr\u00e9taire g\u00e9n\u00e9ral du minist\u00e8re, M. Abdoul Mamadou Barri, a affirm\u00e9 que la strat\u00e9gie nationale d&#8217;industrialisation, \u00e0 l&#8217;horizon 2030, vise \u00e0 soutenir l&#8217;industrie nationale dans sa diversit\u00e9, sa comp\u00e9titivit\u00e9 et sa p\u00e9rennit\u00e9 dans la perspective d&#8217;une \u00e9conomie nationale int\u00e9gr\u00e9e et respectueuse de l&#8217;environnement, permettant une croissance \u00e9conomique qui cr\u00e9\u00e9 des opportunit\u00e9s d&#8217;emploi.<\/p>\n<p>ll a ajout\u00e9 que cette vision strat\u00e9gique s&#8217;inscrit dans le cadre du programme prioritaire \u00e9largi du Pr\u00e9sident de la R\u00e9publique, Monsieur Mohamed Ould Cheikh El-Ghazouani, en plus de la strat\u00e9gie nationale de croissance acc\u00e9l\u00e9r\u00e9e, les autres strat\u00e9gies sectorielles et les objectifs du mill\u00e9naire des Nations Unies.<\/p>\n<p>M. Barri a indiqu\u00e9 que les principaux objectifs de la strat\u00e9gie se basent sur quatre axes, en l\u2019occurrence, la valorisation des capacit\u00e9s industrielles dans le domaine de l\u2019\u00e9levage, la p\u00eache et l\u2019agriculture, en plus du d\u00e9veloppement des industries min\u00e9rales, les industries pharmaceutiques et m\u00e9dicales, le d\u00e9veloppement de l&#8217;\u00e9conomie num\u00e9rique et l&#8217;innovation technologique.<\/p>\n<p>Il a soulign\u00e9 que, pour assurer l&#8217;atteinte des objectifs de la strat\u00e9gie, le comit\u00e9 ex\u00e9cutif charg\u00e9 de pr\u00e9parer la strat\u00e9gie nationale d&#8217;industrialisation a \u00e9t\u00e9 compos\u00e9 de plusieurs secteurs.<\/p>\n<p>Le d\u00e9marrage des travaux du comit\u00e9 s\u2019est d\u00e9roul\u00e9 en pr\u00e9sence de plusieurs responsables du minist\u00e8re.<\/p>\n","protected":false},"excerpt":{"rendered":"<p>Le ministre du Commerce, de l&#8217;Industrie, de l&#8217;Artisanat et du Tourisme, M. Lamrabott Ould Bennahi, a supervis\u00e9, mardi \u00e0 Nouakchott, le d\u00e9marrage des travaux du comit\u00e9 technique charg\u00e9 du suivi de la mise en \u0153uvre de la strat\u00e9gie nationale d&#8217;industrialisation en Mauritanie. Le secr\u00e9taire g\u00e9n\u00e9ral du minist\u00e8re, M. Abdoul Mamadou Barri, a affirm\u00e9 que la [&hellip;]<\/p>\n","protected":false},"author":13,"featured_media":226654,"comment_status":"open","ping_status":"open","sticky":false,"template":"","format":"standard","meta":{"footnotes":""},"categories":[63918,63919,9,63957],"tags":[],"class_list":["post-226653","post","type-post","status-publish","format-standard","has-post-thumbnail","hentry","category-autres","category-choix-du-redacteur","category-9","category-fil-dactualite"],"_links":{"self":[{"href":"https:\/\/ami.mr\/fr\/wp-json\/wp\/v2\/posts\/226653","targetHints":{"allow":["GET"]}}],"collection":[{"href":"https:\/\/ami.mr\/fr\/wp-json\/wp\/v2\/posts"}],"about":[{"href":"https:\/\/ami.mr\/fr\/wp-json\/wp\/v2\/types\/post"}],"author":[{"embeddable":true,"href":"https:\/\/ami.mr\/fr\/wp-json\/wp\/v2\/users\/13"}],"replies":[{"embeddable":true,"href":"https:\/\/ami.mr\/fr\/wp-json\/wp\/v2\/comments?post=226653"}],"version-history":[{"count":1,"href":"https:\/\/ami.mr\/fr\/wp-json\/wp\/v2\/posts\/226653\/revisions"}],"predecessor-version":[{"id":226655,"href":"https:\/\/ami.mr\/fr\/wp-json\/wp\/v2\/posts\/226653\/revisions\/226655"}],"wp:featuredmedia":[{"embeddable":true,"href":"https:\/\/ami.mr\/fr\/wp-json\/wp\/v2\/media\/226654"}],"wp:attachment":[{"href":"https:\/\/ami.mr\/fr\/wp-json\/wp\/v2\/media?parent=226653"}],"wp:term":[{"taxonomy":"category","embeddable":true,"href":"https:\/\/ami.mr\/fr\/wp-json\/wp\/v2\/categories?post=226653"},{"taxonomy":"post_tag","embeddable":true,"href":"https:\/\/ami.mr\/fr\/wp-json\/wp\/v2\/tags?post=226653"}],"curies":[{"name":"wp","href":"https:\/\/api.w.org\/{rel}","templated":true}]}}