{"id":226650,"date":"2023-07-25T16:48:31","date_gmt":"2023-07-25T16:48:31","guid":{"rendered":"https:\/\/ami.mr\/fr\/?p=226650"},"modified":"2023-07-26T11:43:38","modified_gmt":"2023-07-26T11:43:38","slug":"tenue-de-la-premiere-assemblee-generale-extraordinaire-de-lacl-du-g5-sahel","status":"publish","type":"post","link":"https:\/\/ami.mr\/fr\/archives\/226650","title":{"rendered":"Tenue de la premi\u00e8re assembl\u00e9e g\u00e9n\u00e9rale extraordinaire de l&#8217;ACL du G5 Sahel"},"content":{"rendered":"<p>Les travaux de la premi\u00e8re assembl\u00e9e g\u00e9n\u00e9rale extraordinaire de l&#8217;Association des collectivit\u00e9s locales du G5 Sahel ont d\u00e9marr\u00e9, mardi, \u00e0 Nouakchott.<\/p>\n<p>Cette rencontre de 3 jours, organis\u00e9e en partenariat avec l&#8217;Agence allemande de coop\u00e9ration internationale, &#8220;GIZ&#8221;, permettra d&#8217;adopter les r\u00e9formes n\u00e9cessaires d\u00e9velopp\u00e9es par l&#8217;Association, et de renforcer les interventions de l&#8217;Association, en tenant compte des d\u00e9cisions politiques des \u00c9tats membres.<\/p>\n<p>Au cours de la r\u00e9union, le registre du commerce sera pr\u00e9sent\u00e9 \u00e0 l&#8217;assembl\u00e9e en vue de son approbation par l&#8217;Autorit\u00e9 g\u00e9n\u00e9rale en plus de l&#8217;adoption de d&#8217;amendements au r\u00e9gime de base. L&#8217;assembl\u00e9e examinera le plan d&#8217;action 2023 concernant la campagne de mobilisation des \u00e9lus locaux.<\/p>\n<p>Le secr\u00e9taire g\u00e9n\u00e9ral du minist\u00e8re de l&#8217;Int\u00e9rieur et de la D\u00e9centralisation, M. Mohamed Mahfouz Ibrahim Ahmed, qui pr\u00e9side les travaux de l&#8217;assembl\u00e9e, a affirm\u00e9 que les autorit\u00e9s locales ont une place importante dans la conception et la mise en \u0153uvre de strat\u00e9gies appropri\u00e9es, ce qui, a-t-il dit, rend n\u00e9cessaire leur participation effective \u00e0 la coordination du G5 Sahel.<\/p>\n<p>Il a pr\u00e9cis\u00e9 que le gouvernement mauritanien appuie, sur instruction du Pr\u00e9sident de la R\u00e9publique, Son Excellence Monsieur Mohamed Ould Cheikh El Ghazouani, pr\u00e9sident en exercice du G5 Sahel, les autorit\u00e9s locales des pays du Sahel avant de souligner que le Pr\u00e9sident de la R\u00e9publique a d\u00e9fini les contours d&#8217;une feuille de route visant \u00e0 redynamiser l&#8217;action de l&#8217;organisation r\u00e9gionale.<\/p>\n<p>De son c\u00f4t\u00e9, la pr\u00e9sidente de la r\u00e9gion de Nouakchott, Mme Fatimetou Mint Abdel Malik, pr\u00e9side de l&#8217;association mauritanienne et pr\u00e9sidente des Cit\u00e9s et Gouvernements Locaux Unis d&#8217;Afrique soulign\u00e9 que cette rencontre intervient dans une circonstance particuli\u00e8re marqu\u00e9e les diff\u00e9rents d\u00e9fis auxquels la sous-r\u00e9gion est confront\u00e9e, les cons\u00e9quences de la pand\u00e9mie post-Corona, le spectre de la famine et les r\u00e9percussions de la guerre en Europe.<\/p>\n<p>Elle a insist\u00e9 sur la n\u00e9cessit\u00e9 d&#8217;adopter une approche qui assure l&#8217;activation, la stabilisation et la p\u00e9rennit\u00e9 de l&#8217;Association des autorit\u00e9s locales du G5 Sahel et l&#8217;adoption d&#8217;objectifs de d\u00e9veloppement durable.<\/p>\n<p>Elle a appel\u00e9 \u00e0 l&#8217;adoption d&#8217;une politique d&#8217;interventions efficaces, le d\u00e9veloppent du r\u00f4le des femmes dans la propagation de la paix et le r\u00e9tablissement de la s\u00e9curit\u00e9.<\/p>\n<p>Pour sa part, le maire de la commune de Tavrag- Zeina, M.Taleb Ould Mahjoub, a affirm\u00e9 que les collectivit\u00e9s territoriales sont consid\u00e9r\u00e9es comme un acteur majeur de tout d\u00e9veloppement \u00e9conomique, soulignant que l&#8217;Etat mauritanien sera sans aucun doute un soutien et un moteur de l&#8217;alliance gr\u00e2ce au fort engagement de Son Excellence le Pr\u00e9sident de la R\u00e9publique.<\/p>\n<p>Le president de alliance des associations de pouvoirs locaux des pays du Sahel, M. Seika Dembel\u00e9 a indiqu\u00e9 que ce forum devrait \u00eatre l&#8217;occasion d&#8217;un nouveau d\u00e9part et le catalyseur d&#8217;un nouveau dynamisme, soulignant l&#8217;importance de renforcer le r\u00e9seau des femmes \u00e9lues au niveau local, afin de leur donner plus de responsabilit\u00e9 dans le travail de l&#8217;association, et de lancer une campagne d&#8217;engagement et de mobilisation des \u00e9lus locaux pour am\u00e9liorer la fourniture des services sociaux de base \u00e0 la population.<\/p>\n<p>Le chef du projet r\u00e9gional de renforcement des capacit\u00e9s de d\u00e9centralisation en Afrique, affili\u00e9 \u00e0 l&#8217;Agence de coop\u00e9ration allemande, M. Ruediger r\u00fcdiger, a appel\u00e9 \u00e0 acc\u00e9l\u00e9rer l&#8217;acc\u00e8s de la population aux services de base, tels que les opportunit\u00e9s d&#8217;emploi, et \u00e0 \u00e9tablir des plateformes et des portails d&#8217;\u00e9change qui participent syst\u00e9matiquement avec les autorit\u00e9s locales des pays du G5 Sahel.<\/p>\n","protected":false},"excerpt":{"rendered":"<p>Les travaux de la premi\u00e8re assembl\u00e9e g\u00e9n\u00e9rale extraordinaire de l&#8217;Association des collectivit\u00e9s locales du G5 Sahel ont d\u00e9marr\u00e9, mardi, \u00e0 Nouakchott. Cette rencontre de 3 jours, organis\u00e9e en partenariat avec l&#8217;Agence allemande de coop\u00e9ration internationale, &#8220;GIZ&#8221;, permettra d&#8217;adopter les r\u00e9formes n\u00e9cessaires d\u00e9velopp\u00e9es par l&#8217;Association, et de renforcer les interventions de l&#8217;Association, en tenant compte des [&hellip;]<\/p>\n","protected":false},"author":2,"featured_media":226651,"comment_status":"open","ping_status":"open","sticky":false,"template":"","format":"standard","meta":{"footnotes":""},"categories":[63918,63957,63959],"tags":[],"class_list":["post-226650","post","type-post","status-publish","format-standard","has-post-thumbnail","hentry","category-autres","category-fil-dactualite","category-mauritanie"],"_links":{"self":[{"href":"https:\/\/ami.mr\/fr\/wp-json\/wp\/v2\/posts\/226650","targetHints":{"allow":["GET"]}}],"collection":[{"href":"https:\/\/ami.mr\/fr\/wp-json\/wp\/v2\/posts"}],"about":[{"href":"https:\/\/ami.mr\/fr\/wp-json\/wp\/v2\/types\/post"}],"author":[{"embeddable":true,"href":"https:\/\/ami.mr\/fr\/wp-json\/wp\/v2\/users\/2"}],"replies":[{"embeddable":true,"href":"https:\/\/ami.mr\/fr\/wp-json\/wp\/v2\/comments?post=226650"}],"version-history":[{"count":2,"href":"https:\/\/ami.mr\/fr\/wp-json\/wp\/v2\/posts\/226650\/revisions"}],"predecessor-version":[{"id":226706,"href":"https:\/\/ami.mr\/fr\/wp-json\/wp\/v2\/posts\/226650\/revisions\/226706"}],"wp:featuredmedia":[{"embeddable":true,"href":"https:\/\/ami.mr\/fr\/wp-json\/wp\/v2\/media\/226651"}],"wp:attachment":[{"href":"https:\/\/ami.mr\/fr\/wp-json\/wp\/v2\/media?parent=226650"}],"wp:term":[{"taxonomy":"category","embeddable":true,"href":"https:\/\/ami.mr\/fr\/wp-json\/wp\/v2\/categories?post=226650"},{"taxonomy":"post_tag","embeddable":true,"href":"https:\/\/ami.mr\/fr\/wp-json\/wp\/v2\/tags?post=226650"}],"curies":[{"name":"wp","href":"https:\/\/api.w.org\/{rel}","templated":true}]}}