{"id":225836,"date":"2023-07-13T22:16:09","date_gmt":"2023-07-13T22:16:09","guid":{"rendered":"https:\/\/ami.mr\/fr\/?p=225836"},"modified":"2023-07-13T22:16:09","modified_gmt":"2023-07-13T22:16:09","slug":"le-ministre-de-la-culture-senquiert-de-la-marche-du-travail-dans-certains-etablissements-relevant-de-son-secteur","status":"publish","type":"post","link":"https:\/\/ami.mr\/fr\/archives\/225836","title":{"rendered":"Le ministre de la culture s\u2019enquiert de la marche du travail dans certains \u00e9tablissements relevant de son secteur"},"content":{"rendered":"<div class=\"row\">\n<div class=\"cell auto-size bd-gray\" dir=\"ltr\"><\/div>\n<\/div>\n<div class=\"row\">\n<div class=\"cell auto-size\">\n<div class=\"set-border bd-gray padding10 margin10 no-margin-right no-margin-left \" dir=\"ltr\">\n<p>Le ministre de la Culture, de la Jeunesse, des Sports et des Relations avec le Parlement a effectu\u00e9 jeudi, \u00e0 Nouakchott, une visite d&#8217;information dans certains des services relevant de son d\u00e9partement. La visite a int\u00e9ress\u00e9 la cha\u00eene de T\u00e9l\u00e9vision \u2018\u2019El Mouritania\u2019\u2019, le Complexe olympique, l&#8217;imprimerie nationale, la radio nationale, l&#8217;Agence mauritanienne d\u2019Information, la soci\u00e9t\u00e9 de T\u00e9l\u00e9diffusion de Mauritanie.<\/p>\n<p>Au cours de sa visite \u00e0 la cha\u00eene \u2018\u2019El Mouritania\u2019\u2019, le ministre de la Culture a suivi un expos\u00e9 sur la t\u00e9l\u00e9vision nationale et les plus importantes r\u00e9alisations et r\u00e9formes qui y sont intervenues r\u00e9cemment, avant d&#8217;en visiter les d\u00e9partements, bureaux, studios et archives.<\/p>\n<p>Au Complexe Olympique, le ministre a re\u00e7u des explications d\u00e9taill\u00e9es sur ledit Complexe et la nature du travail en son sein, donn\u00e9es par le Directeur G\u00e9n\u00e9ral, M. Mohamed Brahim Ould Oudeika, \u00e9voquant les missions qui lui sont assign\u00e9es pour d\u00e9velopper le sport national.<\/p>\n<p>A l&#8217;Imprimerie Nationale, le ministre, qui \u00e9tait accompagn\u00e9 du directeur g\u00e9n\u00e9ral de l\u2019entreprise, M. Naji Ould Sabari, a pris connaissance de l&#8217;avancement du travail en son sein.<\/p>\n<p>Lors de sa visite \u00e0 la radio nationale, le ministre a \u00e9cout\u00e9 une pr\u00e9sentation de son Directeur G\u00e9n\u00e9ral, M. Mohamed Cheikh Ould Sidi Mohamed, au cours de laquelle il a pr\u00e9sent\u00e9 la radio et les r\u00e9formes les plus importantes dont elle a fait l\u2019objet dans la conjoncture actuelle. Le ministre a visit\u00e9 les couloirs, les d\u00e9partements, les studios et les diff\u00e9rents bureaux de la radio.<\/p>\n<p>A l&#8217;Agence Mauritanienne d\u2019Information, le ministre a \u00e9t\u00e9 accueilli par le Directeur G\u00e9n\u00e9ral de l&#8217;Agence, M. Mohamed Vall Ould Omeir Bey, et l&#8217;\u00e9quipe de journalistes, de techniciens ainsi que le staff administratif de l&#8217;Agence. Le ministre a \u00e9cout\u00e9 une pr\u00e9sentation du Directeur G\u00e9n\u00e9ral sur l&#8217;Agence Mauritanienne d&#8217;Information, en tant que seule institution m\u00e9diatique officielle du pays, et premi\u00e8re source d&#8217;information en Mauritanie. Le directeur g\u00e9n\u00e9ral a \u00e9voqu\u00e9 les r\u00e9centes r\u00e9alisations de l&#8217;agence, notant les probl\u00e8mes les plus importants auxquels elle est confront\u00e9e dans les circonstances actuelles, soulignant la n\u00e9cessit\u00e9 de r\u00e9pondre aux exigences qui y sont li\u00e9es.<\/p>\n<p>le ministre a visit\u00e9 les d\u00e9partements de l&#8217;information, des Journaux \u2018\u2019Chaab\u2019\u2019 et \u2018\u2019Horizons\u2019\u2019, et la salle de presse destin\u00e9e \u00e0 accueillir la conf\u00e9rence hebdomadaire pour commenter les r\u00e9sultats du conseil des ministres, avant de s\u2019enqu\u00e9rir des travaux de construction d&#8217;un si\u00e8ge devant abriter les archives de l&#8217;Agence.<\/p>\n<p>Par la suite, le ministre de la Culture a visit\u00e9 l&#8217;Autorit\u00e9 de la publicit\u00e9 et a re\u00e7u des explications sur l&#8217;institution et ses r\u00e9alisations les plus importantes, pr\u00e9sent\u00e9es par son pr\u00e9sident, M. Mohamed Abdallahi Ould Lehbib, et fait le tour de ses bureaux et services les plus importants.<\/p>\n<p>La Soci\u00e9t\u00e9 mauritanienne de t\u00e9l\u00e9diffusion \u00e9tait la derni\u00e8re \u00e9tape de la visite d&#8217;aujourd&#8217;hui, o\u00f9 le ministre a \u00e9cout\u00e9 une pr\u00e9sentation sur les r\u00e9alisations de l&#8217;institution par son directeur g\u00e9n\u00e9ral, M. Mohamed Sid Ahmed Vall El Wadani avant de visiter l&#8217;\u00e9tablissement o\u00f9 il a re\u00e7u des explications d\u00e9taill\u00e9es sur les appareils les plus importants qui y sont utilis\u00e9s.<\/p>\n<p>&nbsp;<\/p>\n<p>&nbsp;<\/p>\n<\/div>\n<\/div>\n<\/div>\n","protected":false},"excerpt":{"rendered":"<p>Le ministre de la Culture, de la Jeunesse, des Sports et des Relations avec le Parlement a effectu\u00e9 jeudi, \u00e0 Nouakchott, une visite d&#8217;information dans certains des services relevant de son d\u00e9partement. La visite a int\u00e9ress\u00e9 la cha\u00eene de T\u00e9l\u00e9vision \u2018\u2019El Mouritania\u2019\u2019, le Complexe olympique, l&#8217;imprimerie nationale, la radio nationale, l&#8217;Agence mauritanienne d\u2019Information, la soci\u00e9t\u00e9 [&hellip;]<\/p>\n","protected":false},"author":8,"featured_media":225837,"comment_status":"open","ping_status":"open","sticky":false,"template":"","format":"standard","meta":{"footnotes":""},"categories":[63920,63957],"tags":[],"class_list":["post-225836","post","type-post","status-publish","format-standard","has-post-thumbnail","hentry","category-a-la-une","category-fil-dactualite"],"_links":{"self":[{"href":"https:\/\/ami.mr\/fr\/wp-json\/wp\/v2\/posts\/225836","targetHints":{"allow":["GET"]}}],"collection":[{"href":"https:\/\/ami.mr\/fr\/wp-json\/wp\/v2\/posts"}],"about":[{"href":"https:\/\/ami.mr\/fr\/wp-json\/wp\/v2\/types\/post"}],"author":[{"embeddable":true,"href":"https:\/\/ami.mr\/fr\/wp-json\/wp\/v2\/users\/8"}],"replies":[{"embeddable":true,"href":"https:\/\/ami.mr\/fr\/wp-json\/wp\/v2\/comments?post=225836"}],"version-history":[{"count":1,"href":"https:\/\/ami.mr\/fr\/wp-json\/wp\/v2\/posts\/225836\/revisions"}],"predecessor-version":[{"id":225838,"href":"https:\/\/ami.mr\/fr\/wp-json\/wp\/v2\/posts\/225836\/revisions\/225838"}],"wp:featuredmedia":[{"embeddable":true,"href":"https:\/\/ami.mr\/fr\/wp-json\/wp\/v2\/media\/225837"}],"wp:attachment":[{"href":"https:\/\/ami.mr\/fr\/wp-json\/wp\/v2\/media?parent=225836"}],"wp:term":[{"taxonomy":"category","embeddable":true,"href":"https:\/\/ami.mr\/fr\/wp-json\/wp\/v2\/categories?post=225836"},{"taxonomy":"post_tag","embeddable":true,"href":"https:\/\/ami.mr\/fr\/wp-json\/wp\/v2\/tags?post=225836"}],"curies":[{"name":"wp","href":"https:\/\/api.w.org\/{rel}","templated":true}]}}