{"id":225777,"date":"2023-07-13T15:54:52","date_gmt":"2023-07-13T15:54:52","guid":{"rendered":"https:\/\/ami.mr\/fr\/?p=225777"},"modified":"2023-07-13T15:54:52","modified_gmt":"2023-07-13T15:54:52","slug":"lancement-du-programme-dechange-dexperiences-et-dexpertise-au-sein-de-ladministration","status":"publish","type":"post","link":"https:\/\/ami.mr\/fr\/archives\/225777","title":{"rendered":"Lancement du programme d\u2019\u00e9change d\u2019exp\u00e9riences et d\u2019expertise au sein de l\u2019administration"},"content":{"rendered":"<div class=\"cell auto-size\">\n<div class=\"set-border bd-gray padding10 margin10 no-margin-right no-margin-left \" dir=\"ltr\">\n<p>La ministre et secr\u00e9taire g\u00e9n\u00e9rale du gouvernement, Mme Aissata Ba Yahya, a supervis\u00e9, ce jeudi, \u00e0 la Primature, l&#8217;ouverture d&#8217;un atelier portant sur le programme d&#8217;\u00e9changes d&#8217;expertise et d&#8217;exp\u00e9riences entre hauts fonctionnaires de divers secteurs de l&#8217;administration pour renforcer les relations professionnelles et int\u00e9grer les exp\u00e9riences pour compl\u00e9ter les efforts des services techniques dans ce domaine.<\/p>\n<p>Dans une allocution prononc\u00e9e \u00e0 cette occasion, la ministre et secr\u00e9taire g\u00e9n\u00e9rale du gouvernement a indiqu\u00e9 que la mise en \u0153uvre de ce programme s\u2019inscrit dans le cadre des orientations de Son Excellence le Pr\u00e9sident de la R\u00e9publique, Monsieur Mohamed Ould Cheikh El Ghazouani, en mati\u00e8re de renforcement des capacit\u00e9s de la coordination de l\u2019action gouvernementale.<\/p>\n<p>Elle a pr\u00e9cis\u00e9 que ce programme est parfaitement align\u00e9 au deuxi\u00e8me axe de la strat\u00e9gie nationale de croissance acc\u00e9l\u00e9r\u00e9e et de prosp\u00e9rit\u00e9 partag\u00e9e pour la p\u00e9riode 2016-2030, qui a pour objet de d\u00e9velopper le capital humain et assurer l&#8217;acc\u00e8s aux services sociaux de base de qualit\u00e9.<\/p>\n<p>Parmi les principaux objectifs de ce programme, a-t-elle dit, l\u2019\u00e9tablissement d\u2019un environnement favorable au d\u00e9veloppement des \u00e9changes d\u2019informations, d&#8217;exp\u00e9riences et d&#8217;expertise entre hauts cadres sup\u00e9rieurs de l&#8217;administration publique, de d\u00e9velopper un m\u00e9canisme de concertation et de collaboration, de partager un savoir-faire accumul\u00e9 ces derni\u00e8res ann\u00e9es par certains cadres aux fins de le capitaliser et de le valoriser en vue d\u2019impulser une dynamique de r\u00e9flexion collective.<\/p>\n<p>Mme Aissata Ba Yahya a ajout\u00e9 que le programme vient renforcer les efforts du Secr\u00e9tariat g\u00e9n\u00e9ral du gouvernement en mati\u00e8re de coordination collective, en favorisant l\u2019\u00e9mergence d\u2019\u00e9quipes multidisciplinaires et l\u2019instauration d\u2019une meilleure collaboration \u00e0 travers une synergie des efforts, des r\u00e9flexions collectives pour trouver ensemble des solutions aux contraintes sectorielles, proposer de nouvelles id\u00e9es innovantes et contribuer \u00e0 la prise de d\u00e9cision.<\/p>\n<p>La ministre a assur\u00e9 que chacune des quatorze rencontres pr\u00e9vues dans ce programme sera l\u2019occasion de rassembler les hautes cadres de l\u2019administration pour \u00e9changer sur les activit\u00e9s sectorielles, renforcer les relations professionnelles et combiner les exp\u00e9riences pour compl\u00e9ter les efforts entrepris per les d\u00e9partements techniques isol\u00e9ment.<\/p>\n<p>A son tour, le ministre de la Transformation num\u00e9rique, de l&#8217;Innovation et de la Modernisation de l&#8217;Administration, M. Mohamed Abdallahi Ould Louli, a soulign\u00e9 l&#8217;importance de cet atelier qui il refl\u00e8te, a-t-il dit, la n\u00e9cessit\u00e9 d&#8217;\u00e9changer des exp\u00e9riences entre les diff\u00e9rents secteurs de l&#8217;Etat afin de r\u00e9former l&#8217;administration et renforcer la concertation pour g\u00e9n\u00e9rer et capitaliser une expertise au service de la performance gouvernementale.<\/p>\n<p>Il a ajout\u00e9 que ce programme est au c\u0153ur de la strat\u00e9gie nationale de croissance acc\u00e9l\u00e9r\u00e9e et de prosp\u00e9rit\u00e9 partag\u00e9e, notant qu&#8217;il n&#8217;est pas possible de r\u00e9former l&#8217;appareil administratif sans pr\u00eater attention \u00e0 la modernisation de l&#8217;administration.<\/p>\n<p>Au cours de l&#8217;atelier, les participants ont suivides pr\u00e9sentations d&#8217;experts et de techniciens sur divers programmes gouvernementaux visant \u00e0 am\u00e9liorer la performance de leurs secteurs, accro\u00eetre la productivit\u00e9. Il s\u2019agit, notamment de programmes visant \u00e0 assurer l&#8217;autosuffisance dans le domaine alimentaire, ainsi que des programmes visant \u00e0 soutenir les familles n\u00e9cessiteuses, cr\u00e9er des opportunit\u00e9s d&#8217;emploi pour les jeunes et la mise en place de projets de d\u00e9veloppement au profit des personnes n\u00e9cessiteuses et vuln\u00e9rables, entre autres projets importants, qui doivent \u00eatre pris en charge afin d&#8217;atteindre les objectifs et les aspirations des citoyens.<\/p>\n<p>La c\u00e9r\u00e9monie d\u2019ouverture de l&#8217;atelier s\u2019est d\u00e9roul\u00e9e en pr\u00e9sence du ministre de l&#8217;Emploi et de la Formation Professionnelle, M. Sidi Yahya Ould Cheikhna Lemrabott, de plusieurs charg\u00e9s de mission et conseillers \u00e0 la Primature, du directeur de la Coordination de l&#8217;action gouvernementale et des repr\u00e9sentants des diff\u00e9rents d\u00e9partements minist\u00e9riels.<\/p>\n<\/div>\n<\/div>\n","protected":false},"excerpt":{"rendered":"<p>La ministre et secr\u00e9taire g\u00e9n\u00e9rale du gouvernement, Mme Aissata Ba Yahya, a supervis\u00e9, ce jeudi, \u00e0 la Primature, l&#8217;ouverture d&#8217;un atelier portant sur le programme d&#8217;\u00e9changes d&#8217;expertise et d&#8217;exp\u00e9riences entre hauts fonctionnaires de divers secteurs de l&#8217;administration pour renforcer les relations professionnelles et int\u00e9grer les exp\u00e9riences pour compl\u00e9ter les efforts des services techniques dans ce [&hellip;]<\/p>\n","protected":false},"author":16,"featured_media":225778,"comment_status":"open","ping_status":"open","sticky":false,"template":"","format":"standard","meta":{"footnotes":""},"categories":[63918,63957,63959],"tags":[],"class_list":["post-225777","post","type-post","status-publish","format-standard","has-post-thumbnail","hentry","category-autres","category-fil-dactualite","category-mauritanie"],"_links":{"self":[{"href":"https:\/\/ami.mr\/fr\/wp-json\/wp\/v2\/posts\/225777","targetHints":{"allow":["GET"]}}],"collection":[{"href":"https:\/\/ami.mr\/fr\/wp-json\/wp\/v2\/posts"}],"about":[{"href":"https:\/\/ami.mr\/fr\/wp-json\/wp\/v2\/types\/post"}],"author":[{"embeddable":true,"href":"https:\/\/ami.mr\/fr\/wp-json\/wp\/v2\/users\/16"}],"replies":[{"embeddable":true,"href":"https:\/\/ami.mr\/fr\/wp-json\/wp\/v2\/comments?post=225777"}],"version-history":[{"count":1,"href":"https:\/\/ami.mr\/fr\/wp-json\/wp\/v2\/posts\/225777\/revisions"}],"predecessor-version":[{"id":225780,"href":"https:\/\/ami.mr\/fr\/wp-json\/wp\/v2\/posts\/225777\/revisions\/225780"}],"wp:featuredmedia":[{"embeddable":true,"href":"https:\/\/ami.mr\/fr\/wp-json\/wp\/v2\/media\/225778"}],"wp:attachment":[{"href":"https:\/\/ami.mr\/fr\/wp-json\/wp\/v2\/media?parent=225777"}],"wp:term":[{"taxonomy":"category","embeddable":true,"href":"https:\/\/ami.mr\/fr\/wp-json\/wp\/v2\/categories?post=225777"},{"taxonomy":"post_tag","embeddable":true,"href":"https:\/\/ami.mr\/fr\/wp-json\/wp\/v2\/tags?post=225777"}],"curies":[{"name":"wp","href":"https:\/\/api.w.org\/{rel}","templated":true}]}}